{"id":9035,"date":"2021-08-02T22:56:12","date_gmt":"2021-08-03T01:56:12","guid":{"rendered":"http:\/\/dgospel.com.br\/portal\/?p=9035"},"modified":"2021-08-02T22:56:13","modified_gmt":"2021-08-03T01:56:13","slug":"novo-formato-da-campanha-a-promessa-traz-mobilizacoes-mensais-por-todo-pais","status":"publish","type":"post","link":"https:\/\/dgospel.com.br\/portal\/index.php\/2021\/08\/02\/novo-formato-da-campanha-a-promessa-traz-mobilizacoes-mensais-por-todo-pais\/","title":{"rendered":"Novo formato da Campanha `A promessa\u00b4 traz mobiliza\u00e7\u00f5es mensais, por todo pa\u00eds"},"content":{"rendered":"\n<p>Durante a primeira sess\u00e3o da 45\u00aa Assembleia Geral Ordin\u00e1ria da CGADB, realizada de forma online no dia 20 de abril, foi anunciado que a campanha<em>&nbsp;\u201cA Promessa\u201d,<\/em>&nbsp;promovida pela<em>&nbsp;Conven\u00e7\u00e3o Geral de Ministros das Assembleias de Deus no Brasil (CGADB)<\/em>&nbsp;e a<em>&nbsp;Casa Publicadora das Assembleias de Deus (CPAD),<\/em>&nbsp;seria reformulada, e estendendida at\u00e9 o m\u00eas de dezembro deste ano.<\/p>\n\n\n\n<p>Apesar de todas as dificuldades enfrentadas, devido \u00e0 pandemia do Coronav\u00edrus, e com as igrejas seguindo as devidas restri\u00e7\u00f5es exigidas pelas autoridades p\u00fablicas, a campanha foi afetada, mas para Honra e Gl\u00f3ria de Deus, o trabalho evangel\u00edstico continuou, assim como a busca pelo batismo no Esp\u00edrito por parte do Seu povo nesse per\u00edodo. A \u00faltima atualiza\u00e7\u00e3o do&nbsp;<a href=\"http:\/\/www.campanhaapromessa.com.br\/\">site oficial da campanha `A Promessa&#8221;<\/a>, mostra que de 1 de janeiro at\u00e9 21 de julho, foram contabilizados 15.356 vidas que desceram \u00e0s \u00e1guas batismais e 10.432 batismos no Esp\u00edrito Santo. E os dados ainda s\u00e3o parciais.<\/p>\n\n\n\n<p>A meta de 110 mil batismos no Esp\u00edrito Santo e 110 mil batismos em \u00e1guas foi mantida, sendo que agora estendida at\u00e9 12 de dezembro.<\/p>\n\n\n\n<p>O<strong>&nbsp;m\u00eas de Julho<\/strong>&nbsp;foi marcado por mobiliza\u00e7\u00f5es em todo o pa\u00eds envolvendo as crian\u00e7as de nossas igrejas, mas n\u00e3o parou por a\u00ed.<strong>&nbsp;Veja abaixo a agenda<\/strong>&nbsp;para os pr\u00f3ximos meses:<\/p>\n\n\n\n<p><strong>Agosto&nbsp;<\/strong>\u2013 Mobiliza\u00e7\u00e3o em todo o pa\u00eds envolvendo os adolescentes de nossas igrejas.<\/p>\n\n\n\n<p><strong>Setembro<\/strong>&nbsp;\u2013 Mobiliza\u00e7\u00e3o em todo o pa\u00eds envolvendo os jovens de nossas igrejas.<\/p>\n\n\n\n<p><strong>Outubro<\/strong>&nbsp;\u2013 Mobiliza\u00e7\u00e3o em todo o pa\u00eds envolvendo as irm\u00e3s, os C\u00edrculos de Ora\u00e7\u00e3o e a Uni\u00e3o de Esposas de Ministros das Assembleias de Deus (Unemad).<\/p>\n\n\n\n<p><strong>Novembro<\/strong>&nbsp;\u2013 Mobiliza\u00e7\u00e3o em todo o pa\u00eds envolvendo os homens e os obreiros.<\/p>\n\n\n\n<p><strong>10 de dezembro&nbsp;<\/strong>\u2013 Vig\u00edlia pelo derramamento do Esp\u00edrito.<\/p>\n\n\n\n<p><strong>12 de dezembro (manh\u00e3)&nbsp;<\/strong>\u2013 Grande batismo em \u00e1guas em todo o pa\u00eds.<\/p>\n\n\n\n<p><strong>12 de dezembro (noite)<\/strong>&nbsp;\u2013 Encerramento da campanha \u201cA Promessa\u201d e das comemora\u00e7\u00f5es dos 110 anos das Assembleias de Deus no Brasil.<\/p>\n\n\n\n<p><em>Reda\u00e7\u00e3o CPAD News<\/em><\/p>\n","protected":false},"excerpt":{"rendered":"<p>Durante a primeira sess\u00e3o da 45\u00aa Assembleia Geral Ordin\u00e1ria da CGADB, realizada de forma online no dia 20 de abril, foi anunciado que a campanha&nbsp;\u201cA Promessa\u201d,&nbsp;promovida pela&nbsp;Conven\u00e7\u00e3o Geral de Ministros das Assembleias de Deus no Brasil (CGADB)&nbsp;e a&nbsp;Casa Publicadora das Assembleias de Deus (CPAD),&nbsp;seria reformulada, e estendendida at\u00e9 o m\u00eas de dezembro deste ano. Apesar [&hellip;]<\/p>\n","protected":false},"author":2,"featured_media":9036,"comment_status":"open","ping_status":"open","sticky":false,"template":"","format":"standard","meta":[],"categories":[5],"tags":[14],"_links":{"self":[{"href":"https:\/\/dgospel.com.br\/portal\/index.php\/wp-json\/wp\/v2\/posts\/9035"}],"collection":[{"href":"https:\/\/dgospel.com.br\/portal\/index.php\/wp-json\/wp\/v2\/posts"}],"about":[{"href":"https:\/\/dgospel.com.br\/portal\/index.php\/wp-json\/wp\/v2\/types\/post"}],"author":[{"embeddable":true,"href":"https:\/\/dgospel.com.br\/portal\/index.php\/wp-json\/wp\/v2\/users\/2"}],"replies":[{"embeddable":true,"href":"https:\/\/dgospel.com.br\/portal\/index.php\/wp-json\/wp\/v2\/comments?post=9035"}],"version-history":[{"count":1,"href":"https:\/\/dgospel.com.br\/portal\/index.php\/wp-json\/wp\/v2\/posts\/9035\/revisions"}],"predecessor-version":[{"id":9037,"href":"https:\/\/dgospel.com.br\/portal\/index.php\/wp-json\/wp\/v2\/posts\/9035\/revisions\/9037"}],"wp:featuredmedia":[{"embeddable":true,"href":"https:\/\/dgospel.com.br\/portal\/index.php\/wp-json\/wp\/v2\/media\/9036"}],"wp:attachment":[{"href":"https:\/\/dgospel.com.br\/portal\/index.php\/wp-json\/wp\/v2\/media?parent=9035"}],"wp:term":[{"taxonomy":"category","embeddable":true,"href":"https:\/\/dgospel.com.br\/portal\/index.php\/wp-json\/wp\/v2\/categories?post=9035"},{"taxonomy":"post_tag","embeddable":true,"href":"https:\/\/dgospel.com.br\/portal\/index.php\/wp-json\/wp\/v2\/tags?post=9035"}],"curies":[{"name":"wp","href":"https:\/\/api.w.org\/{rel}","templated":true}]}}