{"id":904,"date":"2018-08-06T09:29:53","date_gmt":"2018-08-06T12:29:53","guid":{"rendered":"http:\/\/dgospel.com.br\/portal\/?p=904"},"modified":"2018-08-06T09:29:53","modified_gmt":"2018-08-06T12:29:53","slug":"confira-os-nomes-dos-candidatos-ao-governo-do-tocantins-nas-eleicoes-de-2018","status":"publish","type":"post","link":"https:\/\/dgospel.com.br\/portal\/index.php\/2018\/08\/06\/confira-os-nomes-dos-candidatos-ao-governo-do-tocantins-nas-eleicoes-de-2018\/","title":{"rendered":"Confira os nomes dos Candidatos ao governo do Tocantins nas elei\u00e7\u00f5es de 2018"},"content":{"rendered":"<p>Confira os nomes confirmados pelos partidos pol\u00edticos do Tocantins para a disputa do governo do estado nas\u00a0<a style=\"font-style: inherit;\" href=\"https:\/\/g1.globo.com\/politica\/eleicoes\/2018\/\">elei\u00e7\u00f5es de 2018<\/a>. Os candidatos est\u00e3o em ordem alfab\u00e9tica:<\/p>\n<h2><strong>\u00a0<\/strong><\/h2>\n<h2><strong>Bernadete Aparecida (PSOL)<\/strong><\/h2>\n<p><a href=\"https:\/\/g1.globo.com\/to\/tocantins\/eleicoes\/2018\/noticia\/2018\/08\/05\/psol-confirma-candidatura-de-bernadete-aparecida-ao-governo-do-tocantins.ghtml\">O Partido Socialismo e Liberdade (PSOL) decidiu lan\u00e7ar Bernarde Aparecida, como candidata ao governo do Tocantins<\/a>. A conven\u00e7\u00e3o foi realizada neste domingo (5) e tamb\u00e9m definiu Ney Robson como vice da chapa.<\/p>\n<p>Bernadete Aparecida Ferreira nasceu em Campo Mour\u00e3o (PR), mas cresceu em S\u00e3o Paulo (SP). No Tocantins ela \u00e9 fundadora e presidente da Casa 8 de Mar\u00e7o. A institui\u00e7\u00e3o foi fundada em 1998 e ajuda mulheres em situa\u00e7\u00e3o de vulnerabilidade social.<\/p>\n<h2><strong>Carlos Amastha (PSB<\/strong>)<\/h2>\n<p>O ex-prefeito de Palmas,\u00a0<a href=\"https:\/\/g1.globo.com\/to\/tocantins\/eleicoes\/2018\/noticia\/2018\/08\/05\/psb-confirma-candidatura-de-carlos-amastha-ao-governo-do-tocantins.ghtml\">Carlos Amastha (PSB), ser\u00e1 o candidato ao governo do Tocantins pelo Partido Socialista Brasileiro (PSB)<\/a>. O nome foi confirmado durante a conven\u00e7\u00e3o que ocorreu neste domingo (5), em Palmas.<\/p>\n<p>Esta \u00e9 a segunda vez que Amastha concorre uma vaga ao Pal\u00e1cio Araguaia. Ele foi um dos candidatos nas elei\u00e7\u00f5es suplementares.<\/p>\n<p>Carlos Enrique Franco Amastha tem 56 anos e nasceu em Barranquilla, na Col\u00f4mbia. H\u00e1 mais de 30 anos reside no Brasil onde formou fam\u00edlia e estabeleceu empreendimentos empresariais. Ele pode concorrer a cargos p\u00fablicos por ter sido naturalizado brasileiro.<\/p>\n<p>O empres\u00e1rio entrou para a pol\u00edtica em 2012, quando foi eleito prefeito de Palmas pela primeira vez. Ele foi reeleito em 2016, mas renunciou no come\u00e7o de abril este ano para disputar a elei\u00e7\u00e3o.<\/p>\n<h2><strong>C\u00e9sar Simoni (PSL)<\/strong><\/h2>\n<p><a href=\"https:\/\/g1.globo.com\/to\/tocantins\/eleicoes\/2018\/noticia\/2018\/08\/05\/psl-confirma-candidatura-de-cesar-simoni-ao-governo-do-tocantins.ghtml\">O Partido Social Liberal lan\u00e7ou C\u00e9sar Simoni como candidato ao governo do Tocantins<\/a>. O nome foi confirmado durante a conven\u00e7\u00e3o que ocorreu na tarde deste domingo (5), em Palmas. O partido lan\u00e7ou Farlei Meyer e Ant\u00f4nio Jorge como candidatos ao senado.<\/p>\n<p>C\u00e9sar Simoni foi policial federal em Bras\u00edlia, onde tamb\u00e9m se formou em direito. Em 1990 se tornou promotor de justi\u00e7a no Tocantins. Em 2015 foi nomeado secret\u00e1rio de Seguran\u00e7a P\u00fablica do Tocantins. Aposentado como policial e como promotor, este \u00e9 o primeiro cargo pol\u00edtico que Simoni vai disputar.<\/p>\n<h2><strong>Marlon Reis (REDE)<\/strong><\/h2>\n<p>A<a href=\"https:\/\/g1.globo.com\/to\/tocantins\/eleicoes\/2018\/noticia\/2018\/08\/03\/rede-sustentabilidade-confirma-marlon-reis-como-candidato-ao-governo-do-tocantins.ghtml\">\u00a0Rede Sustentabilidade confirmou o nome do ex-juiz eleitoral M\u00e1rlon Reis<\/a>\u00a0como candidato ao governo do Tocantins em conven\u00e7\u00e3o realizada nesta sexta-feira (3), em Palmas. O partido ainda n\u00e3o definiu quem ser\u00e1 o candidato a vice-governador.<\/p>\n<p>Esta ser\u00e1 a segunda vez que Marlon Reis disputar\u00e1 o governo do estado. Ele concorreu na Elei\u00e7\u00e3o Suplementar deste ano, convocada ap\u00f3s a cassa\u00e7\u00e3o de Marcelo Miranda (MDB), e ficou em quarto lugar na prefer\u00eancia do eleitorado.<\/p>\n<p style=\"font-style: inherit; font-weight: inherit;\" data-track-category=\"Link no Texto\" data-track-links=\"\">M\u00e1rlos Reis, de 48 anos, \u00e9 natural de Pedro Afonso, na regi\u00e3o central do estado, e se formou advogado. Ele atuou como juiz eleitoral at\u00e9 2016. Ganhou notoriedade ao relatar a Lei da Ficha Limpa, que torna ineleg\u00edvel por oito anos o candidato que tiver o seu mandato cassado, renunciar para evitar a cassa\u00e7\u00e3o ou for condenado por decis\u00e3o de \u00f3rg\u00e3o colegiado.<\/p>\n<p style=\"font-style: inherit; font-weight: inherit;\" data-track-category=\"Link no Texto\" data-track-links=\"\">Ele tamb\u00e9m idealizou e fundou, junto com lideran\u00e7as sociais, o Movimento de Combate \u00e0 Corrup\u00e7\u00e3o Eleitoral (MCCE).<\/p>\n<h2><strong>\u00a0<\/strong><\/h2>\n<h2><strong>Mauro Carlesse (PHS)<\/strong><\/h2>\n<p><a href=\"https:\/\/g1.globo.com\/to\/tocantins\/eleicoes\/2018\/noticia\/2018\/08\/04\/phs-lanca-candidatura-de-mauro-carlesse-para-disputar-o-governo-do-tocantins.ghtml\">O governador Mauro Carlesse (PHS) vai concorrer \u00e0 reelei\u00e7\u00e3o ao governo do Tocantins<\/a>. A candidatura foi oficializada na tarde deste s\u00e1bado (4), em Palmas. O vice da chapa ser\u00e1 o vice-governador Wanderlei Barbosa, tamb\u00e9m do Partido Humanista da Solidariedade (PHS).<\/p>\n<p>Carlesse concorreu na Elei\u00e7\u00e3o Suplementar deste ano, convocada ap\u00f3s a cassa\u00e7\u00e3o de Marcelo Miranda (MDB), e venceu o pleito no segundo turno. Ele nasceu em Terra Boa (PR) e no Tocantins atuou como empres\u00e1rio e agropecuarista. O candidato iniciou na pol\u00edtica ao se filiar no Partido Verde (PV) em 2011.<\/p>\n<p>Foi candidato a prefeito em Gurupi nas elei\u00e7\u00f5es de 2012. No ano seguinte, filiou-se ao Partido Trabalhista Brasileiro (PTB) e venceu as elei\u00e7\u00f5es de 2014 para deputado estadual. Em 2016, ele assumiu o cargo de presidente da Assembleia Legislativa.<\/p>\n<p><strong>Data das conven\u00e7\u00f5es<\/strong><\/p>\n<table>\n<tbody>\n<tr>\n<td><strong>Data<\/strong><\/td>\n<td><strong>Partido<\/strong><\/td>\n<td><strong>Candidato<\/strong><\/td>\n<td><strong>Cidade<\/strong><\/td>\n<\/tr>\n<tr>\n<td>31\/7<\/td>\n<td>PRTB<\/td>\n<td>Apoio a M\u00e1rlon Reis<\/td>\n<td>Palmas (TO)<\/td>\n<\/tr>\n<tr>\n<td>3\/8<\/td>\n<td>Rede<\/td>\n<td>M\u00e1rlon Reis<\/td>\n<td>Palmas (TO)<\/td>\n<\/tr>\n<tr>\n<td>4\/8<\/td>\n<td>DEM<\/td>\n<td>Apoio a Mauro Carlesse<\/td>\n<td>Palmas (TO)<\/td>\n<\/tr>\n<tr>\n<td>4\/8<\/td>\n<td>PP<\/td>\n<td>Apoio a Mauro Carlesse<\/td>\n<td>Palmas (TO)<\/td>\n<\/tr>\n<tr>\n<td>4\/8<\/td>\n<td>PRB<\/td>\n<td>Apoio a Mauro Carlesse<\/td>\n<td>Palmas (TO)<\/td>\n<\/tr>\n<tr>\n<td>4\/8<\/td>\n<td>PHS<\/td>\n<td>Mauro Carlesse<\/td>\n<td>Palmas (TO)<\/td>\n<\/tr>\n<tr>\n<td>4\/8<\/td>\n<td>PMN<\/td>\n<td>Apoio a Mauro Carlesse<\/td>\n<td>Palmas (TO)<\/td>\n<\/tr>\n<tr>\n<td>4\/8<\/td>\n<td>PPS<\/td>\n<td>Apoio a Mauro Carlesse<\/td>\n<td>Palmas (TO)<\/td>\n<\/tr>\n<tr>\n<td>4\/8<\/td>\n<td>Avante<\/td>\n<td>Apoio a Mauro Carlesse<\/td>\n<td>Palmas (TO)<\/td>\n<\/tr>\n<tr>\n<td>5\/8<\/td>\n<td>PV<\/td>\n<td>Apoio a Marlon Reis<\/td>\n<td>Palmas (TO)<\/td>\n<\/tr>\n<tr>\n<td>5\/8<\/td>\n<td>PSDB<\/td>\n<td>Apio a Carlos Amastha<\/td>\n<td>Palmas (TO)<\/td>\n<\/tr>\n<tr>\n<td>5\/8<\/td>\n<td>PROS<\/td>\n<td>Apoio a Mauro Carlesse<\/td>\n<td>Palmas (TO)<\/td>\n<\/tr>\n<tr>\n<td>5\/8<\/td>\n<td>PSL<\/td>\n<td>C\u00e9sar Simoni<\/td>\n<td>Palmas (TO)<\/td>\n<\/tr>\n<tr>\n<td>5\/8<\/td>\n<td>PDT, PSD e Patriota<\/td>\n<td>\u00a0Apoio a M\u00e1rlon Reis<\/td>\n<td>Palmas (TO)<\/td>\n<\/tr>\n<tr>\n<td>5\/8<\/td>\n<td>PSB<\/td>\n<td>Carlos Amastha<\/td>\n<td>Palmas (TO)<\/td>\n<\/tr>\n<tr>\n<td>5\/8<\/td>\n<td>PR<\/td>\n<td>Apoio a Carlos Amastha<\/td>\n<td>Palmas (TO)<\/td>\n<\/tr>\n<tr>\n<td>5\/8<\/td>\n<td>PSOL<\/td>\n<td>Bernadete Aparecida<\/td>\n<td>Palmas (TO)<\/td>\n<\/tr>\n<\/tbody>\n<\/table>\n<p>&nbsp;<\/p>\n<p><strong>Fonte: <\/strong><strong>G1 Tocantins<\/strong><\/p>\n","protected":false},"excerpt":{"rendered":"<p>Confira os nomes confirmados pelos partidos pol\u00edticos do Tocantins para a disputa do governo do estado nas\u00a0elei\u00e7\u00f5es de 2018. Os candidatos est\u00e3o em ordem alfab\u00e9tica: \u00a0 Bernadete Aparecida (PSOL) O Partido Socialismo e Liberdade (PSOL) decidiu lan\u00e7ar Bernarde Aparecida, como candidata ao governo do Tocantins. A conven\u00e7\u00e3o foi realizada neste domingo (5) e tamb\u00e9m definiu [&hellip;]<\/p>\n","protected":false},"author":2,"featured_media":905,"comment_status":"open","ping_status":"open","sticky":false,"template":"","format":"standard","meta":[],"categories":[3,4],"tags":[],"_links":{"self":[{"href":"https:\/\/dgospel.com.br\/portal\/index.php\/wp-json\/wp\/v2\/posts\/904"}],"collection":[{"href":"https:\/\/dgospel.com.br\/portal\/index.php\/wp-json\/wp\/v2\/posts"}],"about":[{"href":"https:\/\/dgospel.com.br\/portal\/index.php\/wp-json\/wp\/v2\/types\/post"}],"author":[{"embeddable":true,"href":"https:\/\/dgospel.com.br\/portal\/index.php\/wp-json\/wp\/v2\/users\/2"}],"replies":[{"embeddable":true,"href":"https:\/\/dgospel.com.br\/portal\/index.php\/wp-json\/wp\/v2\/comments?post=904"}],"version-history":[{"count":1,"href":"https:\/\/dgospel.com.br\/portal\/index.php\/wp-json\/wp\/v2\/posts\/904\/revisions"}],"predecessor-version":[{"id":906,"href":"https:\/\/dgospel.com.br\/portal\/index.php\/wp-json\/wp\/v2\/posts\/904\/revisions\/906"}],"wp:featuredmedia":[{"embeddable":true,"href":"https:\/\/dgospel.com.br\/portal\/index.php\/wp-json\/wp\/v2\/media\/905"}],"wp:attachment":[{"href":"https:\/\/dgospel.com.br\/portal\/index.php\/wp-json\/wp\/v2\/media?parent=904"}],"wp:term":[{"taxonomy":"category","embeddable":true,"href":"https:\/\/dgospel.com.br\/portal\/index.php\/wp-json\/wp\/v2\/categories?post=904"},{"taxonomy":"post_tag","embeddable":true,"href":"https:\/\/dgospel.com.br\/portal\/index.php\/wp-json\/wp\/v2\/tags?post=904"}],"curies":[{"name":"wp","href":"https:\/\/api.w.org\/{rel}","templated":true}]}}