{"id":9041,"date":"2021-08-02T23:14:14","date_gmt":"2021-08-03T02:14:14","guid":{"rendered":"http:\/\/dgospel.com.br\/portal\/?p=9041"},"modified":"2021-08-02T23:14:16","modified_gmt":"2021-08-03T02:14:16","slug":"mae-de-rebeca-andrade-diz-que-ela-e-filha-se-prepararam-com-muita-oracao","status":"publish","type":"post","link":"https:\/\/dgospel.com.br\/portal\/index.php\/2021\/08\/02\/mae-de-rebeca-andrade-diz-que-ela-e-filha-se-prepararam-com-muita-oracao\/","title":{"rendered":"M\u00e3e de Rebeca Andrade diz que ela e filha se prepararam \u2018com muita ora\u00e7\u00e3o\u2019"},"content":{"rendered":"\n<p> A m\u00e3e de Rebeca Andrade afirmou que, al\u00e9m do trabalho duro nos treinamentos, ela e a filha se prepararam \u201ccom muita ora\u00e7\u00e3o.<\/p>\n\n\n\n<p>Dona Rosa \u00e9 a m\u00e3e da ginasta que encantou os brasileiros com seu sorriso e express\u00e3o de serenidade ap\u00f3s conquistar duas medalhas nas Olimp\u00edadas de T\u00f3quio:&nbsp;<a href=\"https:\/\/noticias.gospelmais.com.br\/rebeca-andrade-medalha-prata-deus-capacitou-148319.html\"><strong>uma de prata<\/strong><\/a>&nbsp;e uma de ouro.<\/p>\n\n\n\n<p>Nesta segunda-feira, 02 de agosto, Rebeca Andrade ficou em quinto lugar na final do solo. Sua prova foi de alto n\u00edvel, mas um passo para fora ap\u00f3s a primeira acrobacia tirou pontos, o que impediu sua conquista da terceira medalha, segundo o&nbsp;<a target=\"_blank\" href=\"https:\/\/ge.globo.com\/olimpiadas\/noticia\/rebeca-andrade-fica-em-5o-lugar-no-solo-com-baile-de-favela-nas-olimpiadas.ghtml\" rel=\"noreferrer noopener\"><em>GE<\/em><\/a>.<\/p>\n\n\n\n<p>\u201cA prepara\u00e7\u00e3o foi espiritual mesmo. Somos evang\u00e9licos, ent\u00e3o nos preparamos com muita ora\u00e7\u00e3o e pensamento positivo porque o restante teria de ser com ela, muito treino e concentra\u00e7\u00e3o\u201d, contou dona Rosa a Galv\u00e3o Bueno, na manh\u00e3 do \u00faltimo domingo, 01 de agosto.<\/p>\n\n\n\n<p>\u201cO que ela tinha de fazer ela estava fazendo. Ent\u00e3o o que a gente tinha de transmitir para ela era essa tranquilidade que voc\u00ea fala que eu tenho no jeito de falar e na base da ora\u00e7\u00e3o mesmo\u201d, reiterou a m\u00e3e de Rebeca.<\/p>\n\n\n\n<h2>Emo\u00e7\u00e3o<\/h2>\n\n\n\n<p>Quando a filha venceu a prova de salto, tornando-se campe\u00e3 ol\u00edmpica e a primeira brasileira a conquistar duas medalhas na mesma edi\u00e7\u00e3o dos Jogos, a emo\u00e7\u00e3o tomou conta.<\/p>\n\n\n\n<p>\u201cNossa, a gente ficou aqui esperando o \u00faltimo momento, esperando sair ali no placar, na esperan\u00e7a de sair o ouro, mas quer\u00edamos ouvir a sua narra\u00e7\u00e3o, o seu grito que era ouro para s\u00f3 a\u00ed a gente pular. gritar. A\u00ed a gente pulou, gritou, coitados dos vizinhos que estavam dormindo, mas n\u00e3o conseguimos nos conter, o cora\u00e7\u00e3o fica a mil por hora\u201d, contou.<\/p>\n\n\n\n<p>Dona Rosa disse que as medalhas de sua filha s\u00e3o do povo brasileiro: \u201cEla [Rebeca] tem mesmo essa serenidade. Eu s\u00f3 tenho a agradecer, n\u00e3o tenho palavras para dizer como estou feliz por essa conquista que n\u00e3o \u00e9 s\u00f3 dela \u00e9 de todos a equipe e de quem acreditou nela. Essa medalha \u00e9 para todos n\u00f3s, todos n\u00f3s mesmo\u201d, conforme informado pelo\u00a0<a rel=\"noreferrer noopener\" target=\"_blank\" href=\"https:\/\/pleno.news\/esportes\/nos-preparamos-com-muita-oracao-conta-mae-de-rebeca.html\"><em>Pleno News<\/em><\/a>.<\/p>\n\n\n\n\n\n<p>No mesmo dia, Rebeca Andrade usou as redes sociais para expressar gratid\u00e3o a Deus e aos brasileiros que torceram por ela: \u201cDeus \u00e9 bom o tempo todo e o trabalho duro t\u00e1 a\u00ed! Obrigada a todos pela torcida, ora\u00e7\u00f5es e tudo mesmo!\u201d.<\/p>\n\n\n","protected":false},"excerpt":{"rendered":"<p>A m\u00e3e de Rebeca Andrade afirmou que, al\u00e9m do trabalho duro nos treinamentos, ela e a filha se prepararam \u201ccom muita ora\u00e7\u00e3o. Dona Rosa \u00e9 a m\u00e3e da ginasta que encantou os brasileiros com seu sorriso e express\u00e3o de serenidade ap\u00f3s conquistar duas medalhas nas Olimp\u00edadas de T\u00f3quio:&nbsp;uma de prata&nbsp;e uma de ouro. Nesta segunda-feira, [&hellip;]<\/p>\n","protected":false},"author":2,"featured_media":9042,"comment_status":"open","ping_status":"open","sticky":false,"template":"","format":"standard","meta":[],"categories":[17],"tags":[],"_links":{"self":[{"href":"https:\/\/dgospel.com.br\/portal\/index.php\/wp-json\/wp\/v2\/posts\/9041"}],"collection":[{"href":"https:\/\/dgospel.com.br\/portal\/index.php\/wp-json\/wp\/v2\/posts"}],"about":[{"href":"https:\/\/dgospel.com.br\/portal\/index.php\/wp-json\/wp\/v2\/types\/post"}],"author":[{"embeddable":true,"href":"https:\/\/dgospel.com.br\/portal\/index.php\/wp-json\/wp\/v2\/users\/2"}],"replies":[{"embeddable":true,"href":"https:\/\/dgospel.com.br\/portal\/index.php\/wp-json\/wp\/v2\/comments?post=9041"}],"version-history":[{"count":1,"href":"https:\/\/dgospel.com.br\/portal\/index.php\/wp-json\/wp\/v2\/posts\/9041\/revisions"}],"predecessor-version":[{"id":9043,"href":"https:\/\/dgospel.com.br\/portal\/index.php\/wp-json\/wp\/v2\/posts\/9041\/revisions\/9043"}],"wp:featuredmedia":[{"embeddable":true,"href":"https:\/\/dgospel.com.br\/portal\/index.php\/wp-json\/wp\/v2\/media\/9042"}],"wp:attachment":[{"href":"https:\/\/dgospel.com.br\/portal\/index.php\/wp-json\/wp\/v2\/media?parent=9041"}],"wp:term":[{"taxonomy":"category","embeddable":true,"href":"https:\/\/dgospel.com.br\/portal\/index.php\/wp-json\/wp\/v2\/categories?post=9041"},{"taxonomy":"post_tag","embeddable":true,"href":"https:\/\/dgospel.com.br\/portal\/index.php\/wp-json\/wp\/v2\/tags?post=9041"}],"curies":[{"name":"wp","href":"https:\/\/api.w.org\/{rel}","templated":true}]}}