{"id":9047,"date":"2021-08-02T23:31:52","date_gmt":"2021-08-03T02:31:52","guid":{"rendered":"http:\/\/dgospel.com.br\/portal\/?p=9047"},"modified":"2021-08-02T23:31:54","modified_gmt":"2021-08-03T02:31:54","slug":"vice-governador-participa-de-aula-inaugural-das-atividades-da-unirg-campus-de-paraiso-do-tocantins","status":"publish","type":"post","link":"https:\/\/dgospel.com.br\/portal\/index.php\/2021\/08\/02\/vice-governador-participa-de-aula-inaugural-das-atividades-da-unirg-campus-de-paraiso-do-tocantins\/","title":{"rendered":"Vice-governador participa de aula inaugural das atividades da UnirG C\u00e2mpus de Para\u00edso do Tocantins"},"content":{"rendered":"\n<p>O vice-governador do Estado do Tocantins, Wanderlei Barbosa, representando o governador Mauro Carlesse e acompanhado da secret\u00e1ria de Estado da Educa\u00e7\u00e3o, Juventude e Esportes, Adriana Aguiar, participou na manh\u00e3 desta segunda-feira, 2, do in\u00edcio das atividades da Universidade de Gurupi (UnirG) do C\u00e2mpus de Para\u00edso do Tocantins.<\/p>\n\n\n\n<p>O funcionamento do c\u00e2mpus de Para\u00edso foi autorizado pelo governador Mauro Carlesse, ap\u00f3s vistoria e parecer positivo j\u00e1 publicado pelo Conselho Estadual de Educa\u00e7\u00e3o (CEE), conforme o Decreto n\u00ba 6228, publicado no Di\u00e1rio Oficial do Estado (DOE).<\/p>\n\n\n\n<p>O vice-governador Wanderlei Barbosa refor\u00e7ou o compromisso da atual Gest\u00e3o com a descentraliza\u00e7\u00e3o do conhecimento. &#8220;Em breve, vamos iniciar o curso de Medicina em Augustin\u00f3polis e estamos estudando a implanta\u00e7\u00e3o da UnirG tamb\u00e9m em Augustin\u00f3polis, porque o Tocantins n\u00e3o \u00e9 feito apenas de duas cidades, e a implanta\u00e7\u00e3o de um curso como esse tem a capacidade de desenvolver a regi\u00e3o, social e economicamente. Sem contar que brasileiros de v\u00e1rias regi\u00f5es vir\u00e3o em busca dessas vagas e seremos um grande polo de conhecimento e educa\u00e7\u00e3o\u201d, destacou.<\/p>\n\n\n\n<p>A secret\u00e1ria de Estado da Educa\u00e7\u00e3o, Juventude e Esportes, Adriana Aguiar, tamb\u00e9m presente no evento, destacou a seriedade como foi conduzida a implanta\u00e7\u00e3o da UnirG. &#8220;Para chegarmos aqui hoje, foi preciso dar muitos passos e, gra\u00e7as ao nosso Conselho Estadual de Educa\u00e7\u00e3o, foram passos seguros que nos permitiram chegar aqui hoje com a certeza de que os alunos levar\u00e3o daqui a melhor forma\u00e7\u00e3o que o Estado poderia oferecer&#8221;, frisou.&nbsp;<\/p>\n\n\n\n<p><strong>O Campus<\/strong><\/p>\n\n\n\n<p>O pr\u00e9dio que ir\u00e1 sediar o c\u00e2mpus de Gurupi tem mais de 2.100 m\u00b2 de \u00e1rea constru\u00edda e abriga salas de aula, laborat\u00f3rios, refeit\u00f3rio, al\u00e9m dos departamentos administrativos da UnirG. O local foi doado pela Prefeitura de Para\u00edso do Tocantins, com um investimento de mais de R$ 1,5 milh\u00e3o, para a reforma do espa\u00e7o.<\/p>\n\n\n\n<p>O prefeito de Para\u00edso, Celso Moraes, destacou o apoio de todos os agentes na implanta\u00e7\u00e3o do c\u00e2mpus. &#8220;H\u00e1 muito tempo, n\u00f3s sonh\u00e1vamos em trazer a UnirG para nossa cidade, abrimos m\u00e3o da constru\u00e7\u00e3o de um centro administrativo para Para\u00edso em prol da implanta\u00e7\u00e3o da UnirG, que, para n\u00f3s, naquele momento, era mais importante. E n\u00f3s s\u00f3 temos a agradecer pelas parcerias, tanto com a prefeitura de Gurupi como com o Governo do Tocantins&#8221;.&nbsp;<\/p>\n\n\n\n<p>A reitora da UnirG, Sara Falc\u00e3o, ressaltou que mesmo com um novo c\u00e2mpus, a homogeneidade da institui\u00e7\u00e3o se mant\u00e9m. &#8220;Tudo o que for realizado em Gurupi tamb\u00e9m vai ser realizado em Para\u00edso, porque, independente do n\u00famero de c\u00e2mpus, n\u00f3s somos uma \u00fanica equipe, e a implanta\u00e7\u00e3o desse curso, hoje, foi sonhado e \u00e9 um m\u00e9rito de toda a comunidade acad\u00eamica&#8221;.<\/p>\n\n\n\n<p><strong>Presen\u00e7as<\/strong><\/p>\n\n\n\n<p>Participaram do evento tamb\u00e9m a prefeita de Gurupi, Josi Nunes; o presidente da Funda\u00e7\u00e3o UnirG, Thiago Pinheiro Miranda, al\u00e9m de vereadores de Para\u00edso e Gurupi.&nbsp;<\/p>\n\n\n\n<figure class=\"wp-block-image\"><img src=\"https:\/\/central.to.gov.br\/image\/253999?w=565&amp;h=349\" alt=\"\"\/><\/figure>\n\n\n\n<p>A secret\u00e1ria de Educa\u00e7\u00e3o, Adriana Aguiar, destacou a seriedade como foi conduzida a implanta\u00e7\u00e3o do Campus em Para\u00edso &#8211; Tharson Lopes\/Governo do Tocantins<\/p>\n\n\n\n<figure class=\"wp-block-image\"><img src=\"https:\/\/central.to.gov.br\/image\/254001?w=565&amp;h=349\" alt=\"\"\/><\/figure>\n\n\n\n<p>O prefeito de Para\u00edso, Celso Moraes, agradeceu o apoio do munic\u00edpio de Gurupi e do Governo do Estado &#8211; Tharson Lopes\/Governo do Tocantins<\/p>\n\n\n\n<figure class=\"wp-block-image\"><img src=\"https:\/\/central.to.gov.br\/image\/253998?w=565&amp;h=349\" alt=\"\"\/><\/figure>\n\n\n\n<p>A Reitora da UnirG, Sara Falc\u00e3o, ressaltou que mesmo com um novo C\u00e2mpus a homogeneidade da institui\u00e7\u00e3o se mant\u00e9m &#8211; Tharson Lopes\/Governo do Tocantins<\/p>\n\n\n\n<figure class=\"wp-block-image\"><img src=\"https:\/\/central.to.gov.br\/image\/253997?w=565&amp;h=349\" alt=\"\"\/><\/figure>\n\n\n\n<p>O evento marcou tamb\u00e9m a recep\u00e7\u00e3o dos calouros de medicina, com aulas previstas para iniciar dia 20 de agosto de maneira presencial &#8211; Tharson Lopes\/Governo do Tocantins\n\n<\/p>\n","protected":false},"excerpt":{"rendered":"<p>O vice-governador do Estado do Tocantins, Wanderlei Barbosa, representando o governador Mauro Carlesse e acompanhado da secret\u00e1ria de Estado da Educa\u00e7\u00e3o, Juventude e Esportes, Adriana Aguiar, participou na manh\u00e3 desta segunda-feira, 2, do in\u00edcio das atividades da Universidade de Gurupi (UnirG) do C\u00e2mpus de Para\u00edso do Tocantins. O funcionamento do c\u00e2mpus de Para\u00edso foi autorizado [&hellip;]<\/p>\n","protected":false},"author":2,"featured_media":9048,"comment_status":"open","ping_status":"open","sticky":false,"template":"","format":"standard","meta":[],"categories":[3],"tags":[13],"_links":{"self":[{"href":"https:\/\/dgospel.com.br\/portal\/index.php\/wp-json\/wp\/v2\/posts\/9047"}],"collection":[{"href":"https:\/\/dgospel.com.br\/portal\/index.php\/wp-json\/wp\/v2\/posts"}],"about":[{"href":"https:\/\/dgospel.com.br\/portal\/index.php\/wp-json\/wp\/v2\/types\/post"}],"author":[{"embeddable":true,"href":"https:\/\/dgospel.com.br\/portal\/index.php\/wp-json\/wp\/v2\/users\/2"}],"replies":[{"embeddable":true,"href":"https:\/\/dgospel.com.br\/portal\/index.php\/wp-json\/wp\/v2\/comments?post=9047"}],"version-history":[{"count":1,"href":"https:\/\/dgospel.com.br\/portal\/index.php\/wp-json\/wp\/v2\/posts\/9047\/revisions"}],"predecessor-version":[{"id":9049,"href":"https:\/\/dgospel.com.br\/portal\/index.php\/wp-json\/wp\/v2\/posts\/9047\/revisions\/9049"}],"wp:featuredmedia":[{"embeddable":true,"href":"https:\/\/dgospel.com.br\/portal\/index.php\/wp-json\/wp\/v2\/media\/9048"}],"wp:attachment":[{"href":"https:\/\/dgospel.com.br\/portal\/index.php\/wp-json\/wp\/v2\/media?parent=9047"}],"wp:term":[{"taxonomy":"category","embeddable":true,"href":"https:\/\/dgospel.com.br\/portal\/index.php\/wp-json\/wp\/v2\/categories?post=9047"},{"taxonomy":"post_tag","embeddable":true,"href":"https:\/\/dgospel.com.br\/portal\/index.php\/wp-json\/wp\/v2\/tags?post=9047"}],"curies":[{"name":"wp","href":"https:\/\/api.w.org\/{rel}","templated":true}]}}