{"id":9050,"date":"2021-08-02T23:34:08","date_gmt":"2021-08-03T02:34:08","guid":{"rendered":"http:\/\/dgospel.com.br\/portal\/?p=9050"},"modified":"2021-08-02T23:34:10","modified_gmt":"2021-08-03T02:34:10","slug":"policia-militar-do-tocantins-divulga-balanco-final-da-operacao-ferias-realizada-no-mes-de-julho","status":"publish","type":"post","link":"https:\/\/dgospel.com.br\/portal\/index.php\/2021\/08\/02\/policia-militar-do-tocantins-divulga-balanco-final-da-operacao-ferias-realizada-no-mes-de-julho\/","title":{"rendered":"Pol\u00edcia Militar do Tocantins divulga balan\u00e7o final da Opera\u00e7\u00e3o F\u00e9rias realizada no m\u00eas de julho"},"content":{"rendered":"\n<p>A Pol\u00edcia Militar do Tocantins (PMTO) concluiu a Opera\u00e7\u00e3o F\u00e9rias, parte integrante da For\u00e7a Tarefa Covid-19\/2021 \u2013 Toler\u00e2ncia Zero, realizada durante todo o m\u00eas de julho no Estado, com balan\u00e7o positivo. As a\u00e7\u00f5es integradas tiveram o objetivo de refor\u00e7ar o policiamento nas rodovias e pontos de movimenta\u00e7\u00e3o, principalmente \u00e0s margens dos rios Tocantins e Araguaia, em cumprimento ao decreto 6.230, que busca a preven\u00e7\u00e3o e enfrentamento das condutas que contribuam para a propaga\u00e7\u00e3o do novo Coronav\u00edrus.<\/p>\n\n\n\n<p>Durante a for\u00e7a tarefa integrada, com outras for\u00e7as de seguran\u00e7a do Estado, 5.018 ve\u00edculos foram abordados, 1.483 locais foram vistoriados, 782 aglomera\u00e7\u00f5es foram dissipadas, 134 locais foram autuados por descumprimento das medidas preventivas de combate \u00e0 pandemia da Covid-19, 8.074 pessoas foram abordadas. Tamb\u00e9m foram apreendidas duas armas de fogo, nove armas brancas, 323 infra\u00e7\u00f5es de tr\u00e2nsito foram registradas nas rodovias, 48 ve\u00edculos foram removidos, 15 pessoas foram presas, al\u00e9m de realizar quatro escoltas de vacinas pelo Estado.<\/p>\n\n\n\n<p>Ao todo, 1.386 policiais militares participaram da opera\u00e7\u00e3o, 604 viaturas foram empregadas para garantir a seguran\u00e7a, neste m\u00eas de f\u00e9rias no Tocantins.<\/p>\n\n\n\n<p>\u201cEstamos em um ano at\u00edpico por conta da pandemia do novo Coronav\u00edrus e em prol do coletivo, as condutas tiveram que ser voltadas para o combate da covid-19, e a Pol\u00edcia Militar, juntamente com outras for\u00e7as de seguran\u00e7a, realizaram um trabalho para garantir a sensa\u00e7\u00e3o de seguran\u00e7a das pessoas\u201d, disse o comandante-geral da Pol\u00edcia Militar, coronel J\u00falio Manoel da Silva Neto.<\/p>\n\n\n\n<p>For\u00e7a Tarefa<\/p>\n\n\n\n<p>A For\u00e7a Tarefa da Opera\u00e7\u00e3o Covid-19 \u2013 Toler\u00e2ncia Zero e Opera\u00e7\u00e3o F\u00e9rias realizada pela Pol\u00edcia Militar, teve como objetivo operar em refor\u00e7o \u00e0 seguran\u00e7a nas rodovias e principais pontos de movimenta\u00e7\u00e3o no Estado, em cumprimento ao Decreto 6.230, com base na preven\u00e7\u00e3o e condutas para o enfrentamento da pandemia.<\/p>\n\n\n\n<p>A Opera\u00e7\u00e3o Integrada resultou na uni\u00e3o da Pol\u00edcia Militar com as demais for\u00e7as de seguran\u00e7a e \u00f3rg\u00e3os fiscalizadores, que atuaram de forma educativa e preventiva em prol da preserva\u00e7\u00e3o da ordem diante do atual cen\u00e1rio pand\u00eamico. A Pol\u00edcia Militar empregou todo efetivo administrativo e operacional nesta a\u00e7\u00e3o que ocorreu em todo territ\u00f3rio estadual.<\/p>\n\n\n\n<p>Dentre as medidas elencadas no decreto, fica proibida a realiza\u00e7\u00e3o de eventos de qualquer natureza, al\u00e9m da aplica\u00e7\u00e3o de penalidades, em caso de descumprimento de regras, para pessoas f\u00edsicas e\/ou jur\u00eddicas (advert\u00eancia, multas, interdi\u00e7\u00e3o parcial ou total do estabelecimento, cancelamento de autoriza\u00e7\u00e3o para funcionamento de empresa e cancelamento do alvar\u00e1 de licenciamento).&nbsp; &nbsp;<\/p>\n\n\n\n<p><strong>Mandado de Pris\u00e3o<\/strong><\/p>\n\n\n\n<p>No dia 23 de julho, na cidade de Palmas, um indiv\u00edduo foi preso pela Pol\u00edcia Militar no Setor Sul, por estar com mandado de pris\u00e3o em aberto, pelas pr\u00e1ticas dos crimes de furto, roubo e recepta\u00e7\u00e3o. O foragido da justi\u00e7a foi capturado e colocado \u00e0 disposi\u00e7\u00e3o da justi\u00e7a. A a\u00e7\u00e3o foi realizada pela equipe de Intelig\u00eancia do 6\u00ba Batalh\u00e3o da PM, com apoio de viaturas do servi\u00e7o operacional da Unidade.<\/p>\n\n\n\n<p><strong>Porte ilegal de arma de fogo<\/strong><\/p>\n\n\n\n<p>Entre bloqueio e abordagem policial na Rodovia TO-080, KM 88, no domingo, 25, a equipe em servi\u00e7o do Batalh\u00e3o de Pol\u00edcia Militar Rodovi\u00e1rio e de Divisas (BPMRED) apreendeu uma espingarda calibre 22 com 50 muni\u00e7\u00f5es intactas, durante abordagem ao uma camionete L200, de cor vermelha. O condutor do ve\u00edculo e o material apreendido foram encaminhados \u00e0 Delegacia de Pol\u00edcia Civil de Para\u00edso do Tocantins para os procedimentos legais cab\u00edveis.<\/p>\n\n\n\n<figure class=\"wp-block-image\"><img src=\"https:\/\/central.to.gov.br\/image\/254040?w=565&amp;h=349\" alt=\"\"\/><\/figure>\n\n\n\n<p>PM percorreu diversos pontos em refor\u00e7o a seguran\u00e7a e fiscaliza\u00e7\u00e3o contra aglomera\u00e7\u00f5es &#8211; PM\/Governo do Tocantins<a href=\"javascript:\"><em>keyboard_arrow_up<\/em><\/a><br><\/p>\n","protected":false},"excerpt":{"rendered":"<p>A Pol\u00edcia Militar do Tocantins (PMTO) concluiu a Opera\u00e7\u00e3o F\u00e9rias, parte integrante da For\u00e7a Tarefa Covid-19\/2021 \u2013 Toler\u00e2ncia Zero, realizada durante todo o m\u00eas de julho no Estado, com balan\u00e7o positivo. As a\u00e7\u00f5es integradas tiveram o objetivo de refor\u00e7ar o policiamento nas rodovias e pontos de movimenta\u00e7\u00e3o, principalmente \u00e0s margens dos rios Tocantins e Araguaia, [&hellip;]<\/p>\n","protected":false},"author":2,"featured_media":9051,"comment_status":"open","ping_status":"open","sticky":false,"template":"","format":"standard","meta":[],"categories":[3],"tags":[13],"_links":{"self":[{"href":"https:\/\/dgospel.com.br\/portal\/index.php\/wp-json\/wp\/v2\/posts\/9050"}],"collection":[{"href":"https:\/\/dgospel.com.br\/portal\/index.php\/wp-json\/wp\/v2\/posts"}],"about":[{"href":"https:\/\/dgospel.com.br\/portal\/index.php\/wp-json\/wp\/v2\/types\/post"}],"author":[{"embeddable":true,"href":"https:\/\/dgospel.com.br\/portal\/index.php\/wp-json\/wp\/v2\/users\/2"}],"replies":[{"embeddable":true,"href":"https:\/\/dgospel.com.br\/portal\/index.php\/wp-json\/wp\/v2\/comments?post=9050"}],"version-history":[{"count":1,"href":"https:\/\/dgospel.com.br\/portal\/index.php\/wp-json\/wp\/v2\/posts\/9050\/revisions"}],"predecessor-version":[{"id":9052,"href":"https:\/\/dgospel.com.br\/portal\/index.php\/wp-json\/wp\/v2\/posts\/9050\/revisions\/9052"}],"wp:featuredmedia":[{"embeddable":true,"href":"https:\/\/dgospel.com.br\/portal\/index.php\/wp-json\/wp\/v2\/media\/9051"}],"wp:attachment":[{"href":"https:\/\/dgospel.com.br\/portal\/index.php\/wp-json\/wp\/v2\/media?parent=9050"}],"wp:term":[{"taxonomy":"category","embeddable":true,"href":"https:\/\/dgospel.com.br\/portal\/index.php\/wp-json\/wp\/v2\/categories?post=9050"},{"taxonomy":"post_tag","embeddable":true,"href":"https:\/\/dgospel.com.br\/portal\/index.php\/wp-json\/wp\/v2\/tags?post=9050"}],"curies":[{"name":"wp","href":"https:\/\/api.w.org\/{rel}","templated":true}]}}