{"id":9053,"date":"2021-08-03T16:36:49","date_gmt":"2021-08-03T19:36:49","guid":{"rendered":"http:\/\/dgospel.com.br\/portal\/?p=9053"},"modified":"2021-08-03T16:36:51","modified_gmt":"2021-08-03T19:36:51","slug":"hoje-temos-um-presidente-que-acredita-em-deus-diz-bolsonaro","status":"publish","type":"post","link":"https:\/\/dgospel.com.br\/portal\/index.php\/2021\/08\/03\/hoje-temos-um-presidente-que-acredita-em-deus-diz-bolsonaro\/","title":{"rendered":"\u201cHoje temos um presidente que acredita em Deus\u201d diz Bolsonaro"},"content":{"rendered":"\n<p>\n\nNesta ter\u00e7a-feira (3), o presidente Jair Bolsonaro declarou, em conversa com apoiadores, que \u201co Brasil mudou\u201d e que \u201c\u00e9 bom come\u00e7ar a se acostumar\u201d. A fala foi um recado para o ministro Lu\u00eds Roberto Barroso, presidente do Tribunal Superior Eleitoral (TSE).\n\n<\/p>\n\n\n\n<figure class=\"wp-block-image\"><img src=\"https:\/\/static.cdn.pleno.news\/2020\/09\/50294920543_1b2b8d33a9_c-e1599400384198.jpg\" alt=\"\" class=\"wp-image-571898\"\/><figcaption>Presidente Jair Bolsonaro&nbsp;Foto: PR\/Carolina Antunes<\/figcaption><\/figure>\n\n\n\n<p>\u2013 O Brasil mudou. Hoje tem um presidente que acredita em Deus, que respeita seus militares, que deve lealdade a seu povo, que respeita a fam\u00edlia. N\u00e3o estava acostumado a isso? \u00c9 bom come\u00e7ar a se acostumar, Barroso \u2013 afirmou.<\/p>\n\n\n\n<p>Bolsonaro ainda questionou a confiabilidade da palavra do ministro. Ele disse que foi acusado de que daria um golpe de Estado e fecharia a imprensa. No entanto, nada disso ocorreu.<\/p>\n\n\n\n<p>O presidente da Rep\u00fablica tamb\u00e9m disse ter jurado dar a sua vida pela p\u00e1tria e mencionou a B\u00edblia.<\/p>\n\n\n\n<p>\u2013 Eu jurei dar minha vida pela p\u00e1tria e retomo o que eu falei da B\u00edblia: Nada temeis, nem mesmo a morte. A n\u00e3o ser a morte espiritual, que \u00e9 eterna \u2013 disse Bolsonaro.<\/p>\n\n\n\n<p>A fala \u00e9 uma poss\u00edvel refer\u00eancia ao texto em Mateus 10:28, que diz: \u201cN\u00e3o temais os que matam o corpo e n\u00e3o podem matar a alma; temei, antes, aquele que pode fazer perecer no inferno a alma e o corpo\u201d.<\/p>\n","protected":false},"excerpt":{"rendered":"<p>Nesta ter\u00e7a-feira (3), o presidente Jair Bolsonaro declarou, em conversa com apoiadores, que \u201co Brasil mudou\u201d e que \u201c\u00e9 bom come\u00e7ar a se acostumar\u201d. A fala foi um recado para o ministro Lu\u00eds Roberto Barroso, presidente do Tribunal Superior Eleitoral (TSE). \u2013 O Brasil mudou. Hoje tem um presidente que acredita em Deus, que respeita [&hellip;]<\/p>\n","protected":false},"author":2,"featured_media":9054,"comment_status":"open","ping_status":"open","sticky":false,"template":"","format":"standard","meta":[],"categories":[4],"tags":[],"_links":{"self":[{"href":"https:\/\/dgospel.com.br\/portal\/index.php\/wp-json\/wp\/v2\/posts\/9053"}],"collection":[{"href":"https:\/\/dgospel.com.br\/portal\/index.php\/wp-json\/wp\/v2\/posts"}],"about":[{"href":"https:\/\/dgospel.com.br\/portal\/index.php\/wp-json\/wp\/v2\/types\/post"}],"author":[{"embeddable":true,"href":"https:\/\/dgospel.com.br\/portal\/index.php\/wp-json\/wp\/v2\/users\/2"}],"replies":[{"embeddable":true,"href":"https:\/\/dgospel.com.br\/portal\/index.php\/wp-json\/wp\/v2\/comments?post=9053"}],"version-history":[{"count":1,"href":"https:\/\/dgospel.com.br\/portal\/index.php\/wp-json\/wp\/v2\/posts\/9053\/revisions"}],"predecessor-version":[{"id":9055,"href":"https:\/\/dgospel.com.br\/portal\/index.php\/wp-json\/wp\/v2\/posts\/9053\/revisions\/9055"}],"wp:featuredmedia":[{"embeddable":true,"href":"https:\/\/dgospel.com.br\/portal\/index.php\/wp-json\/wp\/v2\/media\/9054"}],"wp:attachment":[{"href":"https:\/\/dgospel.com.br\/portal\/index.php\/wp-json\/wp\/v2\/media?parent=9053"}],"wp:term":[{"taxonomy":"category","embeddable":true,"href":"https:\/\/dgospel.com.br\/portal\/index.php\/wp-json\/wp\/v2\/categories?post=9053"},{"taxonomy":"post_tag","embeddable":true,"href":"https:\/\/dgospel.com.br\/portal\/index.php\/wp-json\/wp\/v2\/tags?post=9053"}],"curies":[{"name":"wp","href":"https:\/\/api.w.org\/{rel}","templated":true}]}}