{"id":9056,"date":"2021-08-04T09:44:00","date_gmt":"2021-08-04T12:44:00","guid":{"rendered":"http:\/\/dgospel.com.br\/portal\/?p=9056"},"modified":"2021-08-04T09:44:02","modified_gmt":"2021-08-04T12:44:02","slug":"leo-barbosa-solicita-a-convocacao-de-excedentes-do-concurso-da-pm-para-o-teste-de-aptidao-fisica","status":"publish","type":"post","link":"https:\/\/dgospel.com.br\/portal\/index.php\/2021\/08\/04\/leo-barbosa-solicita-a-convocacao-de-excedentes-do-concurso-da-pm-para-o-teste-de-aptidao-fisica\/","title":{"rendered":"L\u00e9o Barbosa solicita a convoca\u00e7\u00e3o de excedentes do concurso da PM para o Teste de Aptid\u00e3o F\u00edsica"},"content":{"rendered":"\n<p>\n\nDurante a sess\u00e3o desta ter\u00e7a-feira (03), o deputado estadual L\u00e9o Barbosa (Solidariedade) protocolou um requerimento, em regime de urg\u00eancia, solicitando ao Governo do Tocantins o aumento da quantidade de candidatos classificados do Concurso da Pol\u00edcia Militar do Tocantins (QPPM) para a realiza\u00e7\u00e3o do Teste de Aptid\u00e3o F\u00edsica (TAF).<br>De acordo com o parlamentar, o objetivo \u00e9 que seja convocado um n\u00famero maior ou igual a tr\u00eas vezes a quantidade de vagas ofertadas para o certame, visto que o n\u00famero atual de convocados para o Teste de Aptid\u00e3o F\u00edsica compreende menos de duas vezes o n\u00famero de vagas, e n\u00e3o prev\u00ea a cria\u00e7\u00e3o de um cadastro reserva para uma ulterior convoca\u00e7\u00e3o dos excedentes que atingiram a nota suficiente para aprova\u00e7\u00e3o.<br>Barbosa argumenta que o hist\u00f3rico de concursos de carreiras policiais apresenta altos n\u00edveis de reprova\u00e7\u00f5es, absten\u00e7\u00f5es ou desist\u00eancia apenas na etapa do TAF e que aumenta ainda mais no decorrer dos certames com as demais etapas de: avalia\u00e7\u00e3o psicol\u00f3gica; avalia\u00e7\u00e3o m\u00e9dica; e investiga\u00e7\u00e3o social e da vida pregressa. &#8220;\u00c9 not\u00e1vel a grande possibilidade de que no decorrer do concurso, aprove-se um n\u00famero inferior de candidatos em rela\u00e7\u00e3o ao n\u00famero de vagas disponibilizadas e este \u00e9 mais um indicador da necessidade de aumentar o n\u00famero de candidatos no TAF&#8221;.<br>O deputado falou ainda sobre a necessidade de amplia\u00e7\u00e3o do efetivo da PMTO. &#8220;\u00c9 preciso levar em considera\u00e7\u00e3o a necessidade de aumento do efetivo para atender as demandas do nosso Estado e a cria\u00e7\u00e3o de um quadro de reservas para a convoca\u00e7\u00e3o dos excedentes para um posterior segundo curso de forma\u00e7\u00e3o de soldados, respeitando a classifica\u00e7\u00e3o, evita todo um transtorno e morosidade para se fazer um novo concurso daqui a poucos anos&#8221;, frisou o parlamentar.<\/p>\n\n\n\n<p><strong>D\u00e9ficit no efetivo policial militar<\/strong><br>&nbsp;Em 2017, um levantamento do Minist\u00e9rio P\u00fablico Estadual apontou que a Pol\u00edcia Militar do Tocantins tinha, na \u00e9poca, menos da metade do efetivo necess\u00e1rio. De acordo com a legisla\u00e7\u00e3o estadual, o ideal seria 9 mil policiais, no entanto, no estado havia 3.660 militares, apenas 40% do ideal.&nbsp;<br>&#8220;Em 2018, quando o concurso foi cancelado, o d\u00e9ficit j\u00e1 ultrapassava a marca de mais de 5 mil Policiais militares, ent\u00e3o agora em 2021, pelos variados motivos, esse n\u00famero deve estar ainda mais defasado, seja por aposentadorias, demiss\u00f5es ou falecimento&#8221;, completou L\u00e9o.\n\n<\/p>\n","protected":false},"excerpt":{"rendered":"<p>Durante a sess\u00e3o desta ter\u00e7a-feira (03), o deputado estadual L\u00e9o Barbosa (Solidariedade) protocolou um requerimento, em regime de urg\u00eancia, solicitando ao Governo do Tocantins o aumento da quantidade de candidatos classificados do Concurso da Pol\u00edcia Militar do Tocantins (QPPM) para a realiza\u00e7\u00e3o do Teste de Aptid\u00e3o F\u00edsica (TAF).De acordo com o parlamentar, o objetivo \u00e9 [&hellip;]<\/p>\n","protected":false},"author":2,"featured_media":9057,"comment_status":"open","ping_status":"open","sticky":false,"template":"","format":"standard","meta":[],"categories":[8],"tags":[13],"_links":{"self":[{"href":"https:\/\/dgospel.com.br\/portal\/index.php\/wp-json\/wp\/v2\/posts\/9056"}],"collection":[{"href":"https:\/\/dgospel.com.br\/portal\/index.php\/wp-json\/wp\/v2\/posts"}],"about":[{"href":"https:\/\/dgospel.com.br\/portal\/index.php\/wp-json\/wp\/v2\/types\/post"}],"author":[{"embeddable":true,"href":"https:\/\/dgospel.com.br\/portal\/index.php\/wp-json\/wp\/v2\/users\/2"}],"replies":[{"embeddable":true,"href":"https:\/\/dgospel.com.br\/portal\/index.php\/wp-json\/wp\/v2\/comments?post=9056"}],"version-history":[{"count":1,"href":"https:\/\/dgospel.com.br\/portal\/index.php\/wp-json\/wp\/v2\/posts\/9056\/revisions"}],"predecessor-version":[{"id":9058,"href":"https:\/\/dgospel.com.br\/portal\/index.php\/wp-json\/wp\/v2\/posts\/9056\/revisions\/9058"}],"wp:featuredmedia":[{"embeddable":true,"href":"https:\/\/dgospel.com.br\/portal\/index.php\/wp-json\/wp\/v2\/media\/9057"}],"wp:attachment":[{"href":"https:\/\/dgospel.com.br\/portal\/index.php\/wp-json\/wp\/v2\/media?parent=9056"}],"wp:term":[{"taxonomy":"category","embeddable":true,"href":"https:\/\/dgospel.com.br\/portal\/index.php\/wp-json\/wp\/v2\/categories?post=9056"},{"taxonomy":"post_tag","embeddable":true,"href":"https:\/\/dgospel.com.br\/portal\/index.php\/wp-json\/wp\/v2\/tags?post=9056"}],"curies":[{"name":"wp","href":"https:\/\/api.w.org\/{rel}","templated":true}]}}