{"id":9065,"date":"2021-08-04T11:11:09","date_gmt":"2021-08-04T14:11:09","guid":{"rendered":"http:\/\/dgospel.com.br\/portal\/?p=9065"},"modified":"2021-08-04T11:11:11","modified_gmt":"2021-08-04T14:11:11","slug":"atacante-da-selecao-brasileira-firmino-e-sua-esposa-sao-consagrados-evangelistas","status":"publish","type":"post","link":"https:\/\/dgospel.com.br\/portal\/index.php\/2021\/08\/04\/atacante-da-selecao-brasileira-firmino-e-sua-esposa-sao-consagrados-evangelistas\/","title":{"rendered":"Atacante da Sele\u00e7\u00e3o brasileira Firmino e sua esposa s\u00e3o consagrados evangelistas"},"content":{"rendered":"\n<p> No m\u00eas passado, o atacante Roberto Firmino e sua esposa, Larissa Pereira, deram um importante passo em sua vida. Eles foram consagrados como evangelistas na Manah Church, em Macei\u00f3 (AL). <\/p>\n\n\n\n<p>\n\nA cerim\u00f4nia ocorreu no dia 18 de julho, durante a oficializa\u00e7\u00e3o da inaugura\u00e7\u00e3o da igreja na cidade. Firmino, que defende o Liverpool, na Inglaterra, publicou o texto em Ef\u00e9sios\u202c \u202d4:11-13.\n\n<\/p>\n\n\n\n<figure class=\"wp-block-image\"><img src=\"https:\/\/static.cdn.pleno.news\/2021\/08\/pastorjairofernandes_225667740_130530349225934_7604468215152098820_n-768x768.jpg\" alt=\"Roberto Firmino e sua esposa, Larissa Pereira, s\u00e3o consagrados evangelistas\"\/><figcaption>Roberto Firmino e sua esposa, Larissa Pereira, s\u00e3o consagrados evangelistas\u00a0\/ Foto: <br>Reprodu\u00e7\u00e3o<br><br><\/figcaption><\/figure>\n\n\n\n<figure class=\"wp-block-image\"><img src=\"https:\/\/static.cdn.pleno.news\/2021\/08\/roberto_firmino_228102697_581900366565120_1280324615003711073_n-768x511.jpg\" alt=\"Roberto Firmino e sua esposa, Larissa Pereira, s\u00e3o consagrados evangelistas\"\/><figcaption>Roberto Firmino e sua esposa, Larissa Pereira, s\u00e3o consagrados evangelistas&nbsp;\/ Foto: Reprodu\u00e7\u00e3o<\/figcaption><\/figure>\n\n\n\n<figure class=\"wp-block-image\"><img src=\"https:\/\/static.cdn.pleno.news\/2021\/08\/pastorjairofernandes_226436202_626193828276031_2025052952038313796_n.jpg\" alt=\"Roberto Firmino e sua esposa, Larissa Pereira, s\u00e3o consagrados evangelistas\"\/><figcaption>Roberto Firmino e sua esposa, Larissa Pereira, s\u00e3o consagrados evangelistas&nbsp;\/ Foto: Reprodu\u00e7\u00e3o<\/figcaption><\/figure>\n\n\n\n<figure class=\"wp-block-image\"><img src=\"https:\/\/static.cdn.pleno.news\/2021\/08\/pastorjairofernandes_227510051_1953419998156996_6939724431517617735_n-768x768.jpg\" alt=\"Roberto Firmino e sua esposa, Larissa Pereira, s\u00e3o consagrados evangelistas\"\/><figcaption>Roberto Firmino e sua esposa, Larissa Pereira, s\u00e3o consagrados evangelistas&nbsp;\/ Foto: Reprodu\u00e7\u00e3o<\/figcaption><\/figure>\n\n\n\n<p> <\/p>\n\n\n\n<p>\u2013 \u201cE ele designou alguns para ap\u00f3stolos, outros para profetas, outros para evangelistas, e outros para pastores e mestres, com o fim de preparar os santos para a obra do minist\u00e9rio, para que o corpo de Cristo seja edificado, at\u00e9 que todos alcancemos a unidade da f\u00e9 e do conhecimento do Filho de Deus, e cheguemos \u00e0 maturidade, atingindo a medida da plenitude de Cristo\u201d \u2013 escreveu Firmino.<\/p>\n\n\n\n<p>Nas redes sociais, o pastor Jair Fernandes tamb\u00e9m falou sobre o momento.<\/p>\n\n\n\n<p>\u2013 Quem pensa que a dist\u00e2ncia faz esquecer esquece que a saudade faz lembrar. Foram dias intensos de muito mover espiritual em nossas vidas! Muito obrigado por virem, muito obrigado por aceitarem ir novamente, como evangelistas! Amigos, amamos voc\u00eas e estaremos sempre aqui, fazendo a Boa Obra \u2013 ressaltou.<\/p>\n\n\n\n<figure class=\"wp-block-image\"><img src=\"https:\/\/static.cdn.pleno.news\/2021\/08\/Jairo.png\" alt=\"\" class=\"wp-image-774830\"\/><\/figure>\n","protected":false},"excerpt":{"rendered":"<p>No m\u00eas passado, o atacante Roberto Firmino e sua esposa, Larissa Pereira, deram um importante passo em sua vida. Eles foram consagrados como evangelistas na Manah Church, em Macei\u00f3 (AL). A cerim\u00f4nia ocorreu no dia 18 de julho, durante a oficializa\u00e7\u00e3o da inaugura\u00e7\u00e3o da igreja na cidade. Firmino, que defende o Liverpool, na Inglaterra, publicou [&hellip;]<\/p>\n","protected":false},"author":2,"featured_media":9066,"comment_status":"open","ping_status":"open","sticky":false,"template":"","format":"standard","meta":[],"categories":[17,5],"tags":[],"_links":{"self":[{"href":"https:\/\/dgospel.com.br\/portal\/index.php\/wp-json\/wp\/v2\/posts\/9065"}],"collection":[{"href":"https:\/\/dgospel.com.br\/portal\/index.php\/wp-json\/wp\/v2\/posts"}],"about":[{"href":"https:\/\/dgospel.com.br\/portal\/index.php\/wp-json\/wp\/v2\/types\/post"}],"author":[{"embeddable":true,"href":"https:\/\/dgospel.com.br\/portal\/index.php\/wp-json\/wp\/v2\/users\/2"}],"replies":[{"embeddable":true,"href":"https:\/\/dgospel.com.br\/portal\/index.php\/wp-json\/wp\/v2\/comments?post=9065"}],"version-history":[{"count":1,"href":"https:\/\/dgospel.com.br\/portal\/index.php\/wp-json\/wp\/v2\/posts\/9065\/revisions"}],"predecessor-version":[{"id":9067,"href":"https:\/\/dgospel.com.br\/portal\/index.php\/wp-json\/wp\/v2\/posts\/9065\/revisions\/9067"}],"wp:featuredmedia":[{"embeddable":true,"href":"https:\/\/dgospel.com.br\/portal\/index.php\/wp-json\/wp\/v2\/media\/9066"}],"wp:attachment":[{"href":"https:\/\/dgospel.com.br\/portal\/index.php\/wp-json\/wp\/v2\/media?parent=9065"}],"wp:term":[{"taxonomy":"category","embeddable":true,"href":"https:\/\/dgospel.com.br\/portal\/index.php\/wp-json\/wp\/v2\/categories?post=9065"},{"taxonomy":"post_tag","embeddable":true,"href":"https:\/\/dgospel.com.br\/portal\/index.php\/wp-json\/wp\/v2\/tags?post=9065"}],"curies":[{"name":"wp","href":"https:\/\/api.w.org\/{rel}","templated":true}]}}