{"id":907,"date":"2018-08-06T10:03:48","date_gmt":"2018-08-06T13:03:48","guid":{"rendered":"http:\/\/dgospel.com.br\/portal\/?p=907"},"modified":"2018-08-06T10:03:48","modified_gmt":"2018-08-06T13:03:48","slug":"cpad-realiza-29a-conferencia-de-escola-dominical-em-teresina-pi","status":"publish","type":"post","link":"https:\/\/dgospel.com.br\/portal\/index.php\/2018\/08\/06\/cpad-realiza-29a-conferencia-de-escola-dominical-em-teresina-pi\/","title":{"rendered":"CPAD realiza 29\u00aa Confer\u00eancia de Escola Dominical em Teresina (PI)"},"content":{"rendered":"<p>Com o tema\u00a0<em>&#8220;No princ\u00edpio era a palavra&#8221; (Jo\u00e3o 1.1)<\/em>, a Casa Publicadora das Assembleias de Deus (CPAD)<em>\u00a0<\/em>realizar\u00e1 na pr\u00f3xima semana,\u00a0entre os dias 08 e 11 de agosto, mais uma Confer\u00eancia de Escola Dominical. A 29\u00aa edi\u00e7\u00e3o acontecer\u00e1 na cidade de Teresina (PI), na Conven\u00e7\u00e3o Estadual Assembleias de Deus do Piau\u00ed (CEADEP)<em>.<\/em><\/p>\n<p>Os interessados poder\u00e3o fazer sua inscri\u00e7\u00e3o pelo site oficial\u00a0<a href=\"http:\/\/www.cpadeventos.com.br\/29conferenciaed\/,\">http:\/\/www.cpadeventos.com.br\/29conferenciaed\/,<\/a>\u00a0Basta preencher o formul\u00e1rio e efetuar o pagamento.<\/p>\n<p>Entre os preletores convidados est\u00e3o, os pastores Claudionor de Andrade, Esequias Soares, Jos\u00e9 Gon\u00e7alves, Douglas Baptista, Alexandre Coelho, Claiton Pommerening, Esdras Bentho, Eliezer Moraes, Jamiel Lopes e Valmir Nascimento; as professoras Helena Figueiredo, Telma Bueno, Joane Bentes, Anita Oyaizu e Sil\u00e9ia Chiquini; e as psic\u00f3logas, Elaine Cruz e Valqu\u00edria Salinas.<\/p>\n<p>O evento conta ainda com a participa\u00e7\u00e3o dos adoradores com selo\u00a0<em>CPAD Music<\/em>, como Victorino Silva, L\u00edlia Paz e Marcelo Santos.<\/p>\n<p>Para mais informa\u00e7\u00f5es sobre as inscri\u00e7\u00f5es e programa\u00e7\u00e3o, acesse o site da\u00a0<a href=\"http:\/\/www.eventoscpad.com.br\/29conferenciaed\/\">29\u00aa Confer\u00eancia de Escola Dominical: http:\/\/www.eventoscpad.com.br\/29conferenciaed\/<\/a>, ou entre em contato pelos telefones: (21) 2406 &#8211; 7390\/2406-7352; e WhatsApp: (21) 96453-1287 \/ 96452-2990 .<\/p>\n<p>&nbsp;<\/p>\n<p><strong>\u00a0<\/strong><\/p>\n<p><strong>Fonte: <\/strong><strong>CPAD News <\/strong><\/p>\n","protected":false},"excerpt":{"rendered":"<p>Com o tema\u00a0&#8220;No princ\u00edpio era a palavra&#8221; (Jo\u00e3o 1.1), a Casa Publicadora das Assembleias de Deus (CPAD)\u00a0realizar\u00e1 na pr\u00f3xima semana,\u00a0entre os dias 08 e 11 de agosto, mais uma Confer\u00eancia de Escola Dominical. A 29\u00aa edi\u00e7\u00e3o acontecer\u00e1 na cidade de Teresina (PI), na Conven\u00e7\u00e3o Estadual Assembleias de Deus do Piau\u00ed (CEADEP). Os interessados poder\u00e3o fazer [&hellip;]<\/p>\n","protected":false},"author":2,"featured_media":908,"comment_status":"open","ping_status":"open","sticky":false,"template":"","format":"standard","meta":[],"categories":[2,5],"tags":[],"_links":{"self":[{"href":"https:\/\/dgospel.com.br\/portal\/index.php\/wp-json\/wp\/v2\/posts\/907"}],"collection":[{"href":"https:\/\/dgospel.com.br\/portal\/index.php\/wp-json\/wp\/v2\/posts"}],"about":[{"href":"https:\/\/dgospel.com.br\/portal\/index.php\/wp-json\/wp\/v2\/types\/post"}],"author":[{"embeddable":true,"href":"https:\/\/dgospel.com.br\/portal\/index.php\/wp-json\/wp\/v2\/users\/2"}],"replies":[{"embeddable":true,"href":"https:\/\/dgospel.com.br\/portal\/index.php\/wp-json\/wp\/v2\/comments?post=907"}],"version-history":[{"count":1,"href":"https:\/\/dgospel.com.br\/portal\/index.php\/wp-json\/wp\/v2\/posts\/907\/revisions"}],"predecessor-version":[{"id":909,"href":"https:\/\/dgospel.com.br\/portal\/index.php\/wp-json\/wp\/v2\/posts\/907\/revisions\/909"}],"wp:featuredmedia":[{"embeddable":true,"href":"https:\/\/dgospel.com.br\/portal\/index.php\/wp-json\/wp\/v2\/media\/908"}],"wp:attachment":[{"href":"https:\/\/dgospel.com.br\/portal\/index.php\/wp-json\/wp\/v2\/media?parent=907"}],"wp:term":[{"taxonomy":"category","embeddable":true,"href":"https:\/\/dgospel.com.br\/portal\/index.php\/wp-json\/wp\/v2\/categories?post=907"},{"taxonomy":"post_tag","embeddable":true,"href":"https:\/\/dgospel.com.br\/portal\/index.php\/wp-json\/wp\/v2\/tags?post=907"}],"curies":[{"name":"wp","href":"https:\/\/api.w.org\/{rel}","templated":true}]}}