{"id":9071,"date":"2021-08-04T11:18:15","date_gmt":"2021-08-04T14:18:15","guid":{"rendered":"http:\/\/dgospel.com.br\/portal\/?p=9071"},"modified":"2021-08-04T11:18:17","modified_gmt":"2021-08-04T14:18:17","slug":"policia-civil-prende-quarto-homem-envolvido-em-sequestro-de-gerente-de-banco-em-porto-nacional","status":"publish","type":"post","link":"https:\/\/dgospel.com.br\/portal\/index.php\/2021\/08\/04\/policia-civil-prende-quarto-homem-envolvido-em-sequestro-de-gerente-de-banco-em-porto-nacional\/","title":{"rendered":"Pol\u00edcia Civil prende quarto homem envolvido em sequestro de gerente de banco em Porto Nacional"},"content":{"rendered":"\n<p>Em continuidade \u00e0s investiga\u00e7\u00f5es que visam elucidar os crimes de sequestro de um gerente e de uma tesoureira de uma institui\u00e7\u00e3o banc\u00e1ria de Porto Nacional, nessa ter\u00e7a-feira, 3, policiais civis da 7\u00aa Divis\u00e3o de Combate ao Crime organizado (7\u00aa Deic), de Porto Nacional, efetuaram a pris\u00e3o de um homem de 21 anos que \u00e9 apontado como um dos integrantes da associa\u00e7\u00e3o criminosa que cometeu os crimes.<\/p>\n\n\n\n<p>Comandada pelo delegado-chefe da 7\u00aa Deic, T\u00falio Pereira Motta, a a\u00e7\u00e3o que resultou na pris\u00e3o do suspeito ocorreu \u00e0s 10h30 quando os agentes da especializada localizaram o homem em uma resid\u00eancia na zona rural de Porto e o prenderam em cumprimento a mandado de pris\u00e3o preventiva, expedido pela Vara Criminal da Comarca de Porto Nacional.<\/p>\n\n\n\n<p>Ap\u00f3s ser capturado, o indiv\u00edduo foi conduzido at\u00e9 a Central de Atendimento da Pol\u00edcia Civil, em Porto, onde a autoridade policial ratificou a pris\u00e3o e deu cumprimento a ordem judicial. Em seguida, o homem foi encaminhado \u00e0 Casa de Pris\u00e3o Provis\u00f3ria local, onde permanecer\u00e1 \u00e0 disposi\u00e7\u00e3o do Poder Judici\u00e1rio.<\/p>\n\n\n\n<p>Segundo o delegado T\u00falio Motta, a pris\u00e3o desse quarto suspeito \u00e9 de suma import\u00e2ncia para que a Pol\u00edcia Civil possa elucidar completamente os fatos que ocorreram h\u00e1 cerca de um m\u00eas e meio na cidade de Porto Nacional.<\/p>\n\n\n\n<p>\u201cCom o aprofundamento das investiga\u00e7\u00f5es, conseguimos localizar mais esse indiv\u00edduo, que inclusive confessou participa\u00e7\u00e3o nos crimes. Com mais essa pris\u00e3o, a Pol\u00edcia Civil do Tocantins d\u00e1 mais uma resposta firme \u00e0 sociedade portuense ao desvendar completamente os crimes e capturar todos os envolvidos nos atos para que os mesmos respondam judicialmente por seus atos\u201d, ressaltou a autoridade policial.<\/p>\n","protected":false},"excerpt":{"rendered":"<p>Em continuidade \u00e0s investiga\u00e7\u00f5es que visam elucidar os crimes de sequestro de um gerente e de uma tesoureira de uma institui\u00e7\u00e3o banc\u00e1ria de Porto Nacional, nessa ter\u00e7a-feira, 3, policiais civis da 7\u00aa Divis\u00e3o de Combate ao Crime organizado (7\u00aa Deic), de Porto Nacional, efetuaram a pris\u00e3o de um homem de 21 anos que \u00e9 apontado [&hellip;]<\/p>\n","protected":false},"author":2,"featured_media":9072,"comment_status":"open","ping_status":"open","sticky":false,"template":"","format":"standard","meta":[],"categories":[3],"tags":[13],"_links":{"self":[{"href":"https:\/\/dgospel.com.br\/portal\/index.php\/wp-json\/wp\/v2\/posts\/9071"}],"collection":[{"href":"https:\/\/dgospel.com.br\/portal\/index.php\/wp-json\/wp\/v2\/posts"}],"about":[{"href":"https:\/\/dgospel.com.br\/portal\/index.php\/wp-json\/wp\/v2\/types\/post"}],"author":[{"embeddable":true,"href":"https:\/\/dgospel.com.br\/portal\/index.php\/wp-json\/wp\/v2\/users\/2"}],"replies":[{"embeddable":true,"href":"https:\/\/dgospel.com.br\/portal\/index.php\/wp-json\/wp\/v2\/comments?post=9071"}],"version-history":[{"count":1,"href":"https:\/\/dgospel.com.br\/portal\/index.php\/wp-json\/wp\/v2\/posts\/9071\/revisions"}],"predecessor-version":[{"id":9073,"href":"https:\/\/dgospel.com.br\/portal\/index.php\/wp-json\/wp\/v2\/posts\/9071\/revisions\/9073"}],"wp:featuredmedia":[{"embeddable":true,"href":"https:\/\/dgospel.com.br\/portal\/index.php\/wp-json\/wp\/v2\/media\/9072"}],"wp:attachment":[{"href":"https:\/\/dgospel.com.br\/portal\/index.php\/wp-json\/wp\/v2\/media?parent=9071"}],"wp:term":[{"taxonomy":"category","embeddable":true,"href":"https:\/\/dgospel.com.br\/portal\/index.php\/wp-json\/wp\/v2\/categories?post=9071"},{"taxonomy":"post_tag","embeddable":true,"href":"https:\/\/dgospel.com.br\/portal\/index.php\/wp-json\/wp\/v2\/tags?post=9071"}],"curies":[{"name":"wp","href":"https:\/\/api.w.org\/{rel}","templated":true}]}}