{"id":9074,"date":"2021-08-04T12:33:04","date_gmt":"2021-08-04T15:33:04","guid":{"rendered":"http:\/\/dgospel.com.br\/portal\/?p=9074"},"modified":"2021-08-04T12:33:06","modified_gmt":"2021-08-04T15:33:06","slug":"uso-de-linguagem-neutra-e-proibido-nas-escolas-de-criciuma-em-sc","status":"publish","type":"post","link":"https:\/\/dgospel.com.br\/portal\/index.php\/2021\/08\/04\/uso-de-linguagem-neutra-e-proibido-nas-escolas-de-criciuma-em-sc\/","title":{"rendered":"Uso de linguagem neutra \u00e9 proibido nas escolas de Crici\u00fama, em SC"},"content":{"rendered":"\n<p>\n\nUm&nbsp;<a href=\"https:\/\/guiame.com.br\/gospel\/noticias\/projeto-de-lei-quer-proibir-o-uso-de-linguagem-neutra-em-sao-paulo.html\"><strong>projeto de lei&nbsp;<\/strong><\/a>que pro\u00edbe o&nbsp;<a href=\"https:\/\/guiame.com.br\/gospel\/noticias\/franca-proibe-linguagem-neutra-de-genero-em-escolas-por-ser-prejudicial-criancas.html\"><strong>uso da linguagem neutra<\/strong><\/a>&nbsp;nas escolas foi aprovado na segunda-feira (2) na C\u00e2mara Municipal de Crici\u00fama, em Santa Catarina. Este tipo de linguagem neutra prop\u00f5e uma alternativa para atender a todos os g\u00eaneros, com palavras terminadas, por exemplo, em \u201cx\u201d, \u201c@\u201d ou \u201ce\u201d.\n\n<\/p>\n\n\n\n<figure class=\"wp-block-image\"><img src=\"https:\/\/thumbor.guiame.com.br\/unsafe\/840x500\/smart\/https:\/\/media.guiame.com.br\/archives\/2021\/08\/04\/2428744786-escola-de-criciuma.jpeg\" alt=\"Linguagem neutra \u00e9 proibida nas escolas de Crici\u00fama. (Foto: Prefeitura de Crici\u00fama)\"\/><figcaption>Linguagem neutra \u00e9 proibida nas escolas de Crici\u00fama. (Foto: Prefeitura de Crici\u00fama)<\/figcaption><\/figure>\n\n\n\n<p>O Projeto de Lei 40\/2021, de autoria do vereador Obadias Benones (AVANTE), teve 14 votos favor\u00e1veis, um contr\u00e1rio e uma absten\u00e7\u00e3o. O PL segue para san\u00e7\u00e3o do prefeito Cl\u00e9sio Salvaro.<\/p>\n\n\n\n<p>\u201cNo portugu\u00eas, \u2018todos\u2019 engloba todas. E n\u00e3o \u00e9 coisa da minha cabe\u00e7a n\u00e3o. Todos sabem que o portugu\u00eas vem do latim, e no latim havia o g\u00eanero masculino, o g\u00eanero feminino e o g\u00eanero neutro. Na passagem do latim para o portugu\u00eas o masculino passou a fazer o papel do neutro. Ent\u00e3o quando voc\u00ea d\u00e1 bom dia a todos, voc\u00ea est\u00e1 cumprimentando todo mundo. Dizer boa noite a todos e a todas \u00e9 redund\u00e2ncia. E \u2018todes\u2019 eu nem vou comentar porque n\u00e3o \u00e9 l\u00edngua portuguesa\u201d, justificou o vereador Benones em entrevista ao Portal Engeplus.<\/p>\n\n\n\n<p>O PL pro\u00edbe a linguagem neutra na grade curricular e no material did\u00e1tico de institui\u00e7\u00f5es de ensino. A lei prev\u00ea ainda que a viola\u00e7\u00e3o do direito do estudante ao aprendizado da l\u00edngua portuguesa deve acarretar em san\u00e7\u00f5es administrativas \u00e0s escolas.<\/p>\n\n\n\n<p>Depois da aprova\u00e7\u00e3o do PL em Crici\u00fama, a deputada federal Geov\u00e2nia de S\u00e1 (PSDB) protocolou na C\u00e2mara Federal nesta ter\u00e7a-feira (3) o Projeto de Lei 2650\/21, que pro\u00edbe a linguagem neutra nas escolas p\u00fablicas e privadas em todo o Brasil.&nbsp;<\/p>\n\n\n\n<p>Segundo a deputada, as regras ortogr\u00e1ficas da l\u00edngua portuguesa em rela\u00e7\u00e3o ao g\u00eanero fazem \u201cparte da riqueza e exatid\u00e3o de nossa l\u00edngua que a flex\u00e3o de g\u00eanero se estruture dessa forma, expressando perfeitamente os dois g\u00eaneros biol\u00f3gicos\u201d.<\/p>\n\n\n\n<p>\u201cOs adeptos de tal linguagem querem destruir palavras simples e consagradas para promover um contrassenso lingu\u00edstico hist\u00f3rico. Pretendem substituir \u201cela\u201d e \u201cele\u201d por \u201celu\u201d; \u201ctodas\u201d e \u201ctodos\u201d por \u201ctodes\u201d, entre outras mudan\u00e7as\u201d, argumenta de S\u00e1.<\/p>\n\n\n\n<p>Atendendo a uma sugest\u00e3o da deputada Ana Campagnolo (PSL), o governador de Santa Catarina, Carlos Mois\u00e9s da Silva, editou um decreto que veta o uso da linguagem neutra em escolas p\u00fablicas e privadas do estado.<\/p>\n\n\n\n<p>\n\nFONTE: GUIAME, COM INFORMA\u00c7\u00d5ES DO ND MAIS E ENGEPLUS\n\n<\/p>\n","protected":false},"excerpt":{"rendered":"<p>Um&nbsp;projeto de lei&nbsp;que pro\u00edbe o&nbsp;uso da linguagem neutra&nbsp;nas escolas foi aprovado na segunda-feira (2) na C\u00e2mara Municipal de Crici\u00fama, em Santa Catarina. Este tipo de linguagem neutra prop\u00f5e uma alternativa para atender a todos os g\u00eaneros, com palavras terminadas, por exemplo, em \u201cx\u201d, \u201c@\u201d ou \u201ce\u201d. O Projeto de Lei 40\/2021, de autoria do vereador [&hellip;]<\/p>\n","protected":false},"author":2,"featured_media":9075,"comment_status":"open","ping_status":"open","sticky":false,"template":"","format":"standard","meta":[],"categories":[8,4],"tags":[],"_links":{"self":[{"href":"https:\/\/dgospel.com.br\/portal\/index.php\/wp-json\/wp\/v2\/posts\/9074"}],"collection":[{"href":"https:\/\/dgospel.com.br\/portal\/index.php\/wp-json\/wp\/v2\/posts"}],"about":[{"href":"https:\/\/dgospel.com.br\/portal\/index.php\/wp-json\/wp\/v2\/types\/post"}],"author":[{"embeddable":true,"href":"https:\/\/dgospel.com.br\/portal\/index.php\/wp-json\/wp\/v2\/users\/2"}],"replies":[{"embeddable":true,"href":"https:\/\/dgospel.com.br\/portal\/index.php\/wp-json\/wp\/v2\/comments?post=9074"}],"version-history":[{"count":1,"href":"https:\/\/dgospel.com.br\/portal\/index.php\/wp-json\/wp\/v2\/posts\/9074\/revisions"}],"predecessor-version":[{"id":9076,"href":"https:\/\/dgospel.com.br\/portal\/index.php\/wp-json\/wp\/v2\/posts\/9074\/revisions\/9076"}],"wp:featuredmedia":[{"embeddable":true,"href":"https:\/\/dgospel.com.br\/portal\/index.php\/wp-json\/wp\/v2\/media\/9075"}],"wp:attachment":[{"href":"https:\/\/dgospel.com.br\/portal\/index.php\/wp-json\/wp\/v2\/media?parent=9074"}],"wp:term":[{"taxonomy":"category","embeddable":true,"href":"https:\/\/dgospel.com.br\/portal\/index.php\/wp-json\/wp\/v2\/categories?post=9074"},{"taxonomy":"post_tag","embeddable":true,"href":"https:\/\/dgospel.com.br\/portal\/index.php\/wp-json\/wp\/v2\/tags?post=9074"}],"curies":[{"name":"wp","href":"https:\/\/api.w.org\/{rel}","templated":true}]}}