{"id":9087,"date":"2021-08-09T11:25:21","date_gmt":"2021-08-09T14:25:21","guid":{"rendered":"http:\/\/dgospel.com.br\/portal\/?p=9087"},"modified":"2021-08-09T11:25:23","modified_gmt":"2021-08-09T14:25:23","slug":"tocantins-ultrapassa-200-mil-recuperados-da-covid-19","status":"publish","type":"post","link":"https:\/\/dgospel.com.br\/portal\/index.php\/2021\/08\/09\/tocantins-ultrapassa-200-mil-recuperados-da-covid-19\/","title":{"rendered":"Tocantins ultrapassa 200 mil recuperados da Covid-19"},"content":{"rendered":"\n<p>O Tocantins alcan\u00e7ou, neste domingo, 8, a marca de 200.006 recuperados da Covid-19.&nbsp; O \u00edndice representa mais de 94% do total de casos confirmados, que \u00e9 de 212.734, segundo o 511\u00ba boletim epidemiol\u00f3gico da Covid-19 no Estado, divulgado pela Secretaria de Estado da Sa\u00fade (SES). De acordo com a publica\u00e7\u00e3o, 9.164 pessoas ainda est\u00e3o em isolamento domiciliar e 3.564 foram a \u00f3bitos, n\u00famero correspondente a 4,3% e 1,6% respectivamente do total de confirmados.<\/p>\n\n\n\n<p>A pedagoga e servidora p\u00fablica Valdirene Gama \u00e9 uma das centenas de pessoas que venceram a doen\u00e7a e fala sobre a experi\u00eancia. \u201cFelizmente posso dizer que tive sintomas leves e superei a Covid-19 sem sequelas, situa\u00e7\u00e3o que n\u00e3o ocorreu para muitas pessoas. Mesmo com poucas intercorr\u00eancias, \u00e9 uma doen\u00e7a que incomoda e preocupa, uma vez que n\u00e3o sabemos at\u00e9 onde ela pode evoluir no nosso corpo e pelo medo que sentimos de transmiti-la a outras pessoas\u201d, afirma.<\/p>\n\n\n\n<p>Para a dona de casa S\u00f4nia Maria Ferreira de Siqueira a hist\u00f3ria com a Covid-19 n\u00e3o foi t\u00e3o simples, ela passou 37 dias internada e destes, 34 foram em leito de Unidade de Terapia Intensiva (UTI). \u201cGra\u00e7as \u00e0 Deus eu venci a doen\u00e7a, apesar de passar por momentos dolorosos que ainda me acompanham. Tive a forma mais grave e, por conta do longo tempo de interna\u00e7\u00e3o, precisei de fisioterapia para voltar a andar e falar. Al\u00e9m de todo o desgaste f\u00edsico, a Covid-19 me tirou o esposo, um filho, um irm\u00e3o, meu pai e minha sogra. Foram e s\u00e3o momentos dolorosos que n\u00e3o desejo a ningu\u00e9m e espero que minha hist\u00f3ria sirva de alerta para que todos sigam se cuidando\u201d.<\/p>\n\n\n\n<p>O titular da SES, Edgar Tollini, destaca que o \u00edndice de recuperados se deve aos esfor\u00e7os da Gest\u00e3o Estadual, desde o in\u00edcio da pandemia. \u201cO Estado do Tocantins foi um dos primeiros da Federa\u00e7\u00e3o a ter uma Plano de Combate \u00e0 Covid-19 e n\u00e3o medimos esfor\u00e7os para combater a doen\u00e7a e fazer com que tiv\u00e9ssemos o menor n\u00famero de \u00f3bitos poss\u00edvel. Lamentamos pelas vidas perdidas e nos solidarizamos com a dor destas fam\u00edlias, mas n\u00e3o podemos ignorar o qu\u00e3o positivo \u00e9 este \u00edndice de recuperados\u201d, enfatiza o gestor.<\/p>\n\n\n\n<p><strong>Redu\u00e7\u00e3o<\/strong><\/p>\n\n\n\n<p>Os casos de Covid-19 est\u00e3o em redu\u00e7\u00e3o no Tocantins. Dados do Centro de Informa\u00e7\u00f5es e Decis\u00f5es Estrat\u00e9gicas em Sa\u00fade (Integra Sa\u00fade), da sexta-feira, 6, apontam que em mar\u00e7o de 2021 &#8211; pico pand\u00eamico &#8211; foram contabilizados 640 \u00f3bitos e em julho o n\u00famero caiu para 120. A queda pode ser verificada m\u00eas a m\u00eas &#8211; abril 516 (19%), maio 345 (33%), junho 283 (18%) e julho 120 (18%), bem como a taxa de transmissibilidade.<\/p>\n\n\n\n<p>\u201cMesmo com a redu\u00e7\u00e3o dos casos, a Vigil\u00e2ncia segue monitorando o cen\u00e1rio em rela\u00e7\u00e3o ao novo Coronav\u00edrus, mantendo e tra\u00e7ando estrat\u00e9gias e a\u00e7\u00f5es no combate \u00e0 doen\u00e7a. Felizmente temos, atualmente, os imunizantes como aliados nesta batalha, por isso, \u00e9 t\u00e3o importante que toda popula\u00e7\u00e3o que se enquadra nos grupos priorit\u00e1rios seja vacinada\u201d, declara a superintendente de Vigil\u00e2ncia em Sa\u00fade da SES, Perciliana Bezerra.<\/p>\n\n\n\n<figure class=\"wp-block-image\"><img src=\"https:\/\/central.to.gov.br\/image\/254696?w=565&amp;h=349\" alt=\"\"\/><\/figure>\n\n\n\n<p>Edgar Tollini destaca a\u00e7\u00f5es da gest\u00e3o p\u00fablica no combate \u00e0 doen\u00e7a &#8211; Andr\u00e9 Ara\u00fajo\/Governo do Tocantins\n\n<\/p>\n","protected":false},"excerpt":{"rendered":"<p>O Tocantins alcan\u00e7ou, neste domingo, 8, a marca de 200.006 recuperados da Covid-19.&nbsp; O \u00edndice representa mais de 94% do total de casos confirmados, que \u00e9 de 212.734, segundo o 511\u00ba boletim epidemiol\u00f3gico da Covid-19 no Estado, divulgado pela Secretaria de Estado da Sa\u00fade (SES). De acordo com a publica\u00e7\u00e3o, 9.164 pessoas ainda est\u00e3o em [&hellip;]<\/p>\n","protected":false},"author":2,"featured_media":9088,"comment_status":"open","ping_status":"open","sticky":false,"template":"","format":"standard","meta":[],"categories":[3],"tags":[13],"_links":{"self":[{"href":"https:\/\/dgospel.com.br\/portal\/index.php\/wp-json\/wp\/v2\/posts\/9087"}],"collection":[{"href":"https:\/\/dgospel.com.br\/portal\/index.php\/wp-json\/wp\/v2\/posts"}],"about":[{"href":"https:\/\/dgospel.com.br\/portal\/index.php\/wp-json\/wp\/v2\/types\/post"}],"author":[{"embeddable":true,"href":"https:\/\/dgospel.com.br\/portal\/index.php\/wp-json\/wp\/v2\/users\/2"}],"replies":[{"embeddable":true,"href":"https:\/\/dgospel.com.br\/portal\/index.php\/wp-json\/wp\/v2\/comments?post=9087"}],"version-history":[{"count":1,"href":"https:\/\/dgospel.com.br\/portal\/index.php\/wp-json\/wp\/v2\/posts\/9087\/revisions"}],"predecessor-version":[{"id":9089,"href":"https:\/\/dgospel.com.br\/portal\/index.php\/wp-json\/wp\/v2\/posts\/9087\/revisions\/9089"}],"wp:featuredmedia":[{"embeddable":true,"href":"https:\/\/dgospel.com.br\/portal\/index.php\/wp-json\/wp\/v2\/media\/9088"}],"wp:attachment":[{"href":"https:\/\/dgospel.com.br\/portal\/index.php\/wp-json\/wp\/v2\/media?parent=9087"}],"wp:term":[{"taxonomy":"category","embeddable":true,"href":"https:\/\/dgospel.com.br\/portal\/index.php\/wp-json\/wp\/v2\/categories?post=9087"},{"taxonomy":"post_tag","embeddable":true,"href":"https:\/\/dgospel.com.br\/portal\/index.php\/wp-json\/wp\/v2\/tags?post=9087"}],"curies":[{"name":"wp","href":"https:\/\/api.w.org\/{rel}","templated":true}]}}