{"id":9090,"date":"2021-08-09T11:27:54","date_gmt":"2021-08-09T14:27:54","guid":{"rendered":"http:\/\/dgospel.com.br\/portal\/?p=9090"},"modified":"2021-08-09T11:27:56","modified_gmt":"2021-08-09T14:27:56","slug":"unidades-de-conservacao-do-tocantins-recebem-visita-de-tecnicos-da-secretaria-do-meio-ambiente-do-estado-do-amapa","status":"publish","type":"post","link":"https:\/\/dgospel.com.br\/portal\/index.php\/2021\/08\/09\/unidades-de-conservacao-do-tocantins-recebem-visita-de-tecnicos-da-secretaria-do-meio-ambiente-do-estado-do-amapa\/","title":{"rendered":"Unidades de Conserva\u00e7\u00e3o do Tocantins recebem visita de t\u00e9cnicos da Secretaria do Meio Ambiente do Estado do Amap\u00e1"},"content":{"rendered":"\n<p>O Instituto Natureza do Tocantins (Naturatins) recebeu, na \u00faltima semana, a vista de t\u00e9cnicos da Secretaria do Meio Ambiente do Amap\u00e1, respons\u00e1veis pelas Unidades de Conserva\u00e7\u00e3o (UC) do estado. A visita foi fruto de uma articula\u00e7\u00e3o da Secretaria do Meio Ambiente e Recursos H\u00eddricos (Semarh) do Tocantins e teve como intuito promover um interc\u00e2mbio entre as gest\u00f5es das Uc\u2019s dos dois estados.<\/p>\n\n\n\n<p>Os t\u00e9cnicos visitaram as Uc\u2019s, APA Serra do Lajeado e do Lago de Palmas, Parque Estadual do Lajeado e Parque Estadual do Cant\u00e3o, onde puderam ver as instala\u00e7\u00f5es, funcionamentos, administra\u00e7\u00e3o e os potenciais tur\u00edsticos de cada unidade. Na ocasi\u00e3o, tanto os t\u00e9cnicos do Amap\u00e1 quanto os das Uc\u2019s do Tocantins puderam tirar d\u00favidas e fazer trocas de experi\u00eancias e saberes sobre as gest\u00f5es das UC\u2019s de cada estado, al\u00e9m de conhecer as atividades realizadas em cada Uc do Tocantins.&nbsp;<\/p>\n\n\n\n<p>Para Gilberto Oliveira, gerente das Unidades de Conserva\u00e7\u00e3o do Naturatins, \u00e9 muito importante realizar esses interc\u00e2mbios entre gest\u00f5es, principalmente entre as unidades de biomas diferenciados como \u00e9 do Amap\u00e1 \u2013 Amaz\u00f4nico- e o do Tocantins \u2013 Cerrado. Segundo o gerente, \u201ch\u00e1 uma legisla\u00e7\u00e3o nacional sobre as Unidades de Conserva\u00e7\u00e3o, mas cada estado tamb\u00e9m possui sua pr\u00f3pria legisla\u00e7\u00e3o, sua autonomia e diferen\u00e7as. Tudo isso leva em considera\u00e7\u00e3o o bioma presente e a cultura local, por isso esses interc\u00e2mbios s\u00e3o t\u00e3o importantes para promover essas trocas de experi\u00eancias, pois muitas vezes algumas ferramentas a gente n\u00e3o conhece e algumas de quem vem nos conhecer s\u00e3o levadas para aprimorar. Ent\u00e3o esses interc\u00e2mbios fazem a gente caminhar para o bem principal que \u00e9 a prote\u00e7\u00e3o das Unidades de Conserva\u00e7\u00e3o\u201d.<\/p>\n\n\n\n<p>O supervisor da Unidade de Conserva\u00e7\u00e3o do Parque Estadual do Cant\u00e3o (PEC), Adailton Gl\u00f3ria, foi quem recebeu e guiou a equipe do Meio Ambiente do Amap\u00e1 no parque. Durante a visita, o supervisor ressaltou a import\u00e2ncia do Parque do Cant\u00e3o pertencer ao programa de \u00c1reas Protegidas da Amaz\u00f4nia (Arpa), programa em que as UC\u2019s do Amap\u00e1 tamb\u00e9m pertencem. \u201cQuando fazemos esses interc\u00e2mbios aprendemos coisas m\u00ednimas que fazem diferen\u00e7a na gest\u00e3o de uma Unidade de Conserva\u00e7\u00e3o. Eles [t\u00e9cnicos das Uc\u2019s do Amap\u00e1] t\u00eam toda uma experi\u00eancia de gest\u00e3o do Arpa, ent\u00e3o a gente consegue fazer um paralelo entre as dificuldades que cada UC tem pra fazer toda a gest\u00e3o na \u00e1rea ambiental, no trabalho com a comunidade, com os ribeirinhos, que para n\u00f3s s\u00e3o os&nbsp;<em>torr\u00e3ozeiros<\/em>. S\u00e3o estados e realidades diferentes, mas as a\u00e7\u00f5es do Arpa s\u00e3o iguais, s\u00f3 os insumos que mudam, ent\u00e3o essa troca de experi\u00eancia in loco faz com que a gente tenha novas vis\u00f5es\u201d, destaca o supervisor.<\/p>\n\n\n\n<p>O coordenador de Gest\u00e3o das Unidades de Conserva\u00e7\u00e3o e Biodiversidade do Meio Ambiente do Amap\u00e1, Euryando Costa, ressalta que a ideia do interc\u00e2mbio \u00e9 fazer essa troca com o Tocantins entre o que tem de positivo entre as gest\u00f5es das Ucs dos estados. \u201cN\u00f3s viemos do Amap\u00e1 pra conhecer essas experi\u00eancias de APAs, parques, e poder, al\u00e9m disso, conhecer um pouco dessa quest\u00e3o das experi\u00eancias que s\u00e3o apresentadas dentro dessas Unidades como turismo de prote\u00e7\u00e3o, o pr\u00f3prio uso sustent\u00e1vel das APAs em alguns aspectos comunit\u00e1rios, \u00e9 isso que a gente quer levar ao Amap\u00e1, buscar para as nossas Unidades de Conserva\u00e7\u00e3o essas boas pr\u00e1ticas de experi\u00eancias sustent\u00e1veis em rela\u00e7\u00e3o \u00e0 conserva\u00e7\u00e3o e preserva\u00e7\u00e3o\u201d.<\/p>\n\n\n\n<p>Cristiane Rocha, uma das t\u00e9cnicas da Secretaria do Meio Ambiente do Amap\u00e1, ressalta que a import\u00e2ncia do interc\u00e2mbio est\u00e1 sendo a troca de experi\u00eancias sobre a participa\u00e7\u00e3o das comunidades nas gest\u00f5es das UC\u2019s. \u201cEstou com um desafio no estado de fazer gest\u00e3o de uma \u00e1rea de prote\u00e7\u00e3o ambiental em que existe v\u00e1rios problemas de gest\u00e3o de uso p\u00fablico\u201d.&nbsp;<\/p>\n\n\n\n<p>A t\u00e9cnica v\u00ea nas Uc\u2019s do Tocantins uma boa pr\u00e1tica de gest\u00e3o participativa da comunidade. \u201cA partir das experi\u00eancias passadas das UCs do TO, justamente nessa quest\u00e3o de uso p\u00fablico da rela\u00e7\u00e3o com as pessoas que moram no entorno e como fazer essa gest\u00e3o participativa e comunit\u00e1ria para o pr\u00f3prio desenvolvimento da regi\u00e3o, isso pelo menos pra mim, para a minha experi\u00eancia pessoal, est\u00e1 sendo muito importante\u201d conclui Cristiane Rocha.<\/p>\n\n\n\n<p>Esse interc\u00e2mbio entre t\u00e9cnicos de Unidades de Conserva\u00e7\u00e3o do Amap\u00e1 e Tocantins foi promovido pela Secretaria de Meio Ambiente e Recursos H\u00eddricos do Estado do Tocantins com a parceria do Naturatins, que \u00e9 o \u00f3rg\u00e3o respons\u00e1vel pelas Unidades de Conserva\u00e7\u00e3o do Tocantins.<\/p>\n\n\n\n<figure class=\"wp-block-image\"><img src=\"https:\/\/central.to.gov.br\/image\/254711?w=565&amp;h=349\" alt=\"\"\/><\/figure>\n\n\n\n<p>T\u00e9cnicos do Amap\u00e1 visitaram a APA Serra do Lajeado &#8211; Fernando Alves\/Governo do Tocantins<\/p>\n\n\n\n<figure class=\"wp-block-image\"><img src=\"https:\/\/central.to.gov.br\/image\/254712?w=565&amp;h=349\" alt=\"\"\/><\/figure>\n\n\n\n<p>T\u00e9cnicos do Amap\u00e1 vistam o PEC e o supervisor fala como funciona a administra\u00e7\u00e3o e as atividades da Unidade &#8211; Fernando Alves\/Governo do Tocantins<\/p>\n\n\n\n<figure class=\"wp-block-image\"><img src=\"https:\/\/central.to.gov.br\/image\/254713?w=565&amp;h=349\" alt=\"\"\/><\/figure>\n\n\n\n<p>PEC faz parte do Programa da Arpa, em que as Ucs do Amap\u00e1 tamb\u00e9m participam &#8211; Fernando Alves\/Governo do Tocantins<\/p>\n\n\n\n<figure class=\"wp-block-image\"><img src=\"https:\/\/central.to.gov.br\/image\/254710?w=565&amp;h=349\" alt=\"\"\/><\/figure>\n\n\n\n<p>Primeira UC visitada pelos t\u00e9cnicos do Amap\u00e1 foi o Parque do Lajeado onde puderam fazer uma troca sobre as gest\u00e3o do parque e Ucs do Amap\u00e1 &#8211; Fernando Alves\/Governo do Tocantins\n\n<\/p>\n","protected":false},"excerpt":{"rendered":"<p>O Instituto Natureza do Tocantins (Naturatins) recebeu, na \u00faltima semana, a vista de t\u00e9cnicos da Secretaria do Meio Ambiente do Amap\u00e1, respons\u00e1veis pelas Unidades de Conserva\u00e7\u00e3o (UC) do estado. A visita foi fruto de uma articula\u00e7\u00e3o da Secretaria do Meio Ambiente e Recursos H\u00eddricos (Semarh) do Tocantins e teve como intuito promover um interc\u00e2mbio entre [&hellip;]<\/p>\n","protected":false},"author":2,"featured_media":9091,"comment_status":"open","ping_status":"open","sticky":false,"template":"","format":"standard","meta":[],"categories":[3],"tags":[],"_links":{"self":[{"href":"https:\/\/dgospel.com.br\/portal\/index.php\/wp-json\/wp\/v2\/posts\/9090"}],"collection":[{"href":"https:\/\/dgospel.com.br\/portal\/index.php\/wp-json\/wp\/v2\/posts"}],"about":[{"href":"https:\/\/dgospel.com.br\/portal\/index.php\/wp-json\/wp\/v2\/types\/post"}],"author":[{"embeddable":true,"href":"https:\/\/dgospel.com.br\/portal\/index.php\/wp-json\/wp\/v2\/users\/2"}],"replies":[{"embeddable":true,"href":"https:\/\/dgospel.com.br\/portal\/index.php\/wp-json\/wp\/v2\/comments?post=9090"}],"version-history":[{"count":1,"href":"https:\/\/dgospel.com.br\/portal\/index.php\/wp-json\/wp\/v2\/posts\/9090\/revisions"}],"predecessor-version":[{"id":9092,"href":"https:\/\/dgospel.com.br\/portal\/index.php\/wp-json\/wp\/v2\/posts\/9090\/revisions\/9092"}],"wp:featuredmedia":[{"embeddable":true,"href":"https:\/\/dgospel.com.br\/portal\/index.php\/wp-json\/wp\/v2\/media\/9091"}],"wp:attachment":[{"href":"https:\/\/dgospel.com.br\/portal\/index.php\/wp-json\/wp\/v2\/media?parent=9090"}],"wp:term":[{"taxonomy":"category","embeddable":true,"href":"https:\/\/dgospel.com.br\/portal\/index.php\/wp-json\/wp\/v2\/categories?post=9090"},{"taxonomy":"post_tag","embeddable":true,"href":"https:\/\/dgospel.com.br\/portal\/index.php\/wp-json\/wp\/v2\/tags?post=9090"}],"curies":[{"name":"wp","href":"https:\/\/api.w.org\/{rel}","templated":true}]}}