{"id":9096,"date":"2021-08-09T11:43:43","date_gmt":"2021-08-09T14:43:43","guid":{"rendered":"http:\/\/dgospel.com.br\/portal\/?p=9096"},"modified":"2021-08-09T11:43:45","modified_gmt":"2021-08-09T14:43:45","slug":"eleicoes-2022-bolsonaro-vence-lula-entre-os-evangelicos-mas-perde-nas-outras-religioes-mostra-pesquisa","status":"publish","type":"post","link":"https:\/\/dgospel.com.br\/portal\/index.php\/2021\/08\/09\/eleicoes-2022-bolsonaro-vence-lula-entre-os-evangelicos-mas-perde-nas-outras-religioes-mostra-pesquisa\/","title":{"rendered":"Elei\u00e7\u00f5es 2022: Bolsonaro vence Lula entre os evang\u00e9licos, mas perde nas outras religi\u00f5es, mostra pesquisa"},"content":{"rendered":"\n<p>A pesquisa PoderData realizada de de 2 a 4 de agosto de 2021, mostrou que quase metade dos eleitores que declaram-se evang\u00e9licos (45%) votaria em Jair Bolsonaro se as elei\u00e7\u00f5es fossem hoje. Entre os cat\u00f3licos, 39% votariam no ex-presidente Luiz In\u00e1cio Lula da Silva (PT).<\/p>\n\n\n\n<p>Lula lidera em todas as religi\u00f5es, exceto entre os evang\u00e9licos. Tem a maior prefer\u00eancia entre os que se declaram pertencentes \u00e0 umbanda ou ao candombl\u00e9 (78%).<\/p>\n\n\n\n<p>A pesquisa foi realizada no per\u00edodo de 2 a 4 de agosto de 2021 pelo PoderData, a divis\u00e3o de estudos estat\u00edsticos do Poder360. Foram 2.500 entrevistas em 491 munic\u00edpios nas 27 unidades da Federa\u00e7\u00e3o. A margem de erro \u00e9 de 2 pontos percentuais, para mais ou para menos. Saiba mais sobre a metodologia lendo este texto.<\/p>\n\n\n\n<p>Para chegar a 2.500 entrevistas que preencham proporcionalmente (conforme aparecem na sociedade) os grupos por sexo, idade, renda, escolaridade e localiza\u00e7\u00e3o geogr\u00e1fica, o PoderData faz dezenas de milhares de telefonemas. Muitas vezes, mais de 100 mil liga\u00e7\u00f5es at\u00e9 que sejam encontrados os entrevistados que representem de forma fiel o conjunto da popula\u00e7\u00e3o. Entre os que votam em Jair Bolsonaro, a 2\u00aa maior parcela depois dos evang\u00e9licos s\u00e3o os esp\u00edritas.<\/p>\n\n\n\n\n\n<p>Ciro Gomes (PDT) tem sua maior prefer\u00eancia entre os que se dizem ateus. No grupo dos que votariam no apresentador Datena, que \u00e9 pr\u00e9-candidato ao Planalto pelo PSL, a maior prefer\u00eancia \u00e9 entre os que n\u00e3o t\u00eam religi\u00e3o.<\/p>\n\n\n\n<p>Jo\u00e3o Doria (PSDB) tem seu melhor resultado entre os cat\u00f3licos e Luiz Henrique Mandetta (DEM) entre os que se identificam como \u201coutros\u201d.<\/p>\n\n\n\n<p>Confira o quadro abaixo:<\/p>\n\n\n\n<table class=\"wp-block-table\"><tbody><tr><td>&nbsp;<\/td><td>Lula<\/td><td>Bolsonaro<\/td><td>Ciro Gomes<\/td><td>Datena<\/td><td>Doria<\/td><td>Mandetta<\/td><\/tr><tr><td>Popula\u00e7\u00e3o Total<\/td><td>39<\/td><td>25<\/td><td>8<\/td><td>7<\/td><td>6<\/td><td>4<\/td><\/tr><tr><td>Umbanda (ou candombl\u00e9)<\/td><td>78<\/td><td>3<\/td><td>7<\/td><td>10<\/td><td>0<\/td><td>2<\/td><\/tr><tr><td>esp\u00edritas&nbsp;<\/td><td>54<\/td><td>24<\/td><td>4<\/td><td>1<\/td><td>5<\/td><td>1<\/td><\/tr><tr><td>sem religi\u00e3o<\/td><td>41<\/td><td>8<\/td><td>8<\/td><td>23<\/td><td>7<\/td><td>3<\/td><\/tr><tr><td>cat\u00f3licos<\/td><td>39<\/td><td>21<\/td><td>8<\/td><td>5<\/td><td>11<\/td><td>3<\/td><\/tr><tr><td>ateus<\/td><td>38<\/td><td>20<\/td><td>24<\/td><td>0<\/td><td>1<\/td><td>0<\/td><\/tr><tr><td>evang\u00e9licos<\/td><td>26<\/td><td>45<\/td><td>11<\/td><td>5<\/td><td>1<\/td><td>5<\/td><\/tr><tr><td>outros<\/td><td>34<\/td><td>31<\/td><td>0<\/td><td>0<\/td><td>1<\/td><td>16<\/td><\/tr><\/tbody><\/table>\n\n\n\n<p><strong>Com informa\u00e7\u00f5es de O Popular<\/strong><\/p>\n","protected":false},"excerpt":{"rendered":"<p>A pesquisa PoderData realizada de de 2 a 4 de agosto de 2021, mostrou que quase metade dos eleitores que declaram-se evang\u00e9licos (45%) votaria em Jair Bolsonaro se as elei\u00e7\u00f5es fossem hoje. Entre os cat\u00f3licos, 39% votariam no ex-presidente Luiz In\u00e1cio Lula da Silva (PT). Lula lidera em todas as religi\u00f5es, exceto entre os evang\u00e9licos. [&hellip;]<\/p>\n","protected":false},"author":2,"featured_media":9097,"comment_status":"open","ping_status":"open","sticky":false,"template":"","format":"standard","meta":[],"categories":[5],"tags":[],"_links":{"self":[{"href":"https:\/\/dgospel.com.br\/portal\/index.php\/wp-json\/wp\/v2\/posts\/9096"}],"collection":[{"href":"https:\/\/dgospel.com.br\/portal\/index.php\/wp-json\/wp\/v2\/posts"}],"about":[{"href":"https:\/\/dgospel.com.br\/portal\/index.php\/wp-json\/wp\/v2\/types\/post"}],"author":[{"embeddable":true,"href":"https:\/\/dgospel.com.br\/portal\/index.php\/wp-json\/wp\/v2\/users\/2"}],"replies":[{"embeddable":true,"href":"https:\/\/dgospel.com.br\/portal\/index.php\/wp-json\/wp\/v2\/comments?post=9096"}],"version-history":[{"count":1,"href":"https:\/\/dgospel.com.br\/portal\/index.php\/wp-json\/wp\/v2\/posts\/9096\/revisions"}],"predecessor-version":[{"id":9098,"href":"https:\/\/dgospel.com.br\/portal\/index.php\/wp-json\/wp\/v2\/posts\/9096\/revisions\/9098"}],"wp:featuredmedia":[{"embeddable":true,"href":"https:\/\/dgospel.com.br\/portal\/index.php\/wp-json\/wp\/v2\/media\/9097"}],"wp:attachment":[{"href":"https:\/\/dgospel.com.br\/portal\/index.php\/wp-json\/wp\/v2\/media?parent=9096"}],"wp:term":[{"taxonomy":"category","embeddable":true,"href":"https:\/\/dgospel.com.br\/portal\/index.php\/wp-json\/wp\/v2\/categories?post=9096"},{"taxonomy":"post_tag","embeddable":true,"href":"https:\/\/dgospel.com.br\/portal\/index.php\/wp-json\/wp\/v2\/tags?post=9096"}],"curies":[{"name":"wp","href":"https:\/\/api.w.org\/{rel}","templated":true}]}}