{"id":910,"date":"2018-08-06T10:52:06","date_gmt":"2018-08-06T13:52:06","guid":{"rendered":"http:\/\/dgospel.com.br\/portal\/?p=910"},"modified":"2018-08-06T10:52:06","modified_gmt":"2018-08-06T13:52:06","slug":"prefeitura-de-pedro-afonso-lanca-programacao-da-semana-do-evangelico","status":"publish","type":"post","link":"https:\/\/dgospel.com.br\/portal\/index.php\/2018\/08\/06\/prefeitura-de-pedro-afonso-lanca-programacao-da-semana-do-evangelico\/","title":{"rendered":"Prefeitura de Pedro Afonso lan\u00e7a programa\u00e7\u00e3o da Semana do Evang\u00e9lico"},"content":{"rendered":"<p class=\"yiv0996240916MsoNormal\">A Prefeitura de Pedro Afonso em parceria com a Ordem dos Ministros Evang\u00e9licos de Pedro Afonso e Regi\u00e3o (Omepar) nesta segunda-feira, 06, a programa\u00e7\u00e3o da Semana dos Evang\u00e9licos 2018.<\/p>\n<p class=\"yiv0996240916MsoNormal\">\n<p class=\"yiv0996240916MsoNormal\">O evento, realizado na Pra\u00e7a Coronel Lysias Rodrigues, nos dias 24 e 25 de agosto, deve reunir milhares de pessoas em um momento de f\u00e9 e adora\u00e7\u00e3o crist\u00e3 e contar\u00e1 com a participa\u00e7\u00e3o de diversos cantores, al\u00e9m de prega\u00e7\u00e3o com pastores e ministros do evangelho.<\/p>\n<p class=\"yiv0996240916MsoNormal\">\n<p class=\"yiv0996240916MsoNormal\">Entre as atra\u00e7\u00f5es que ir\u00e3o levar a palavra de Deus aos pedroafonsinos est\u00e3o os cantores Thiago Godoi, Lorena Rosa, Silvan Santos, Cl\u00e1udio Veiga e J\u00fanior, Sandro Nazireu.<\/p>\n<p class=\"yiv0996240916MsoNormal\">\n<p class=\"yiv0996240916MsoNormal\">Para o presidente da Ordem dos Ministros Evang\u00e9licos de Pedro Afonso e Regi\u00e3o (Omepar), pastor Jos\u00e9 Carlos Bezerra, o evento, realizado h\u00e1 sete anos, \u00e9 um momento de agradecimento. \u201cPara todos n\u00f3s, pastores, membros e congregados \u00e9 um momento \u00fanico para o povo de Deus, pois estaremos todos \u00fanicos que \u00e9 adorar e agradecer a Deus pelas b\u00ean\u00e7\u00e3os derramadas sobre nossa cidade\u201d, destacou.<\/p>\n<p class=\"yiv0996240916MsoNormal\">\n<p class=\"yiv0996240916MsoNormal\">Ainda de acordo o pastor, a gest\u00e3o tem contribu\u00eddo de forma muito forte para a valoriza\u00e7\u00e3o dos eventos ligados as denomina\u00e7\u00f5es religiosas. \u201cQueremos agradecer ao prefeito Jairo Mariano, aqueles que acreditaram nessa proposta, pois \u00e9 algo que traz a n\u00f3s mais unidade entre as igrejas e no prop\u00f3sito de levar a palavra de Deus\u201d, completou.<\/p>\n<p class=\"yiv0996240916MsoNormal\">\n<p class=\"yiv0996240916MsoNormal\">O Prefeito Jairo Mariano ressaltou que Pedro Afonso tem sido uma cidade aben\u00e7oada em todos os setores e a Semana do Evang\u00e9lico \u00e9 um momento de agradecer pelos benef\u00edcios recebidos.\u00a0 \u201cPara n\u00f3s, enquanto gest\u00e3o, \u00e9 uma honra organizar um evento t\u00e3o bonito e que busca difundir, al\u00e9m da palavra de Deus, a f\u00e9, a esperan\u00e7a, a uni\u00e3o e o amor. Mais um ano estamos juntos com a\u00a0 Omepar realizando esse grande evento, como forma de agradecer pelas b\u00ean\u00e7\u00e3os que recebemos no munic\u00edpio\u201d, frisou Mariano.<\/p>\n","protected":false},"excerpt":{"rendered":"<p>A Prefeitura de Pedro Afonso em parceria com a Ordem dos Ministros Evang\u00e9licos de Pedro Afonso e Regi\u00e3o (Omepar) nesta segunda-feira, 06, a programa\u00e7\u00e3o da Semana dos Evang\u00e9licos 2018. O evento, realizado na Pra\u00e7a Coronel Lysias Rodrigues, nos dias 24 e 25 de agosto, deve reunir milhares de pessoas em um momento de f\u00e9 e [&hellip;]<\/p>\n","protected":false},"author":2,"featured_media":911,"comment_status":"open","ping_status":"open","sticky":false,"template":"","format":"standard","meta":[],"categories":[2,5],"tags":[],"_links":{"self":[{"href":"https:\/\/dgospel.com.br\/portal\/index.php\/wp-json\/wp\/v2\/posts\/910"}],"collection":[{"href":"https:\/\/dgospel.com.br\/portal\/index.php\/wp-json\/wp\/v2\/posts"}],"about":[{"href":"https:\/\/dgospel.com.br\/portal\/index.php\/wp-json\/wp\/v2\/types\/post"}],"author":[{"embeddable":true,"href":"https:\/\/dgospel.com.br\/portal\/index.php\/wp-json\/wp\/v2\/users\/2"}],"replies":[{"embeddable":true,"href":"https:\/\/dgospel.com.br\/portal\/index.php\/wp-json\/wp\/v2\/comments?post=910"}],"version-history":[{"count":1,"href":"https:\/\/dgospel.com.br\/portal\/index.php\/wp-json\/wp\/v2\/posts\/910\/revisions"}],"predecessor-version":[{"id":912,"href":"https:\/\/dgospel.com.br\/portal\/index.php\/wp-json\/wp\/v2\/posts\/910\/revisions\/912"}],"wp:featuredmedia":[{"embeddable":true,"href":"https:\/\/dgospel.com.br\/portal\/index.php\/wp-json\/wp\/v2\/media\/911"}],"wp:attachment":[{"href":"https:\/\/dgospel.com.br\/portal\/index.php\/wp-json\/wp\/v2\/media?parent=910"}],"wp:term":[{"taxonomy":"category","embeddable":true,"href":"https:\/\/dgospel.com.br\/portal\/index.php\/wp-json\/wp\/v2\/categories?post=910"},{"taxonomy":"post_tag","embeddable":true,"href":"https:\/\/dgospel.com.br\/portal\/index.php\/wp-json\/wp\/v2\/tags?post=910"}],"curies":[{"name":"wp","href":"https:\/\/api.w.org\/{rel}","templated":true}]}}