{"id":9113,"date":"2021-08-10T12:43:39","date_gmt":"2021-08-10T15:43:39","guid":{"rendered":"http:\/\/dgospel.com.br\/portal\/?p=9113"},"modified":"2021-08-10T23:28:26","modified_gmt":"2021-08-11T02:28:26","slug":"aprovado-por-unanimidade-pl-de-autoria-de-rubens-uchoa-que-dispoe-sobre-a-prevencao-da-doenca-de-alzheimer","status":"publish","type":"post","link":"https:\/\/dgospel.com.br\/portal\/index.php\/2021\/08\/10\/aprovado-por-unanimidade-pl-de-autoria-de-rubens-uchoa-que-dispoe-sobre-a-prevencao-da-doenca-de-alzheimer\/","title":{"rendered":"Aprovado por unanimidade PL de autoria de Rubens Uch\u00f4a que disp\u00f5e sobre a preven\u00e7\u00e3o da doen\u00e7a de Alzheimer"},"content":{"rendered":"\n<p>Foi aprovado por unanimidade na sess\u00e3o desta ter\u00e7a feira (10) , o Projeto de Lei de autoria do vereador Rubens Uch\u00f4a que institu\u00ed nos dias 16 a 22 de setembro a Semana de Conscientiza\u00e7\u00e3o e Preven\u00e7\u00e3o da Doen\u00e7a de Alzheimer no Munic\u00edpio de Palmas. <\/p>\n\n\n\n<p>O Projeto de Lei tem por objetivo\nestimular a conscientiza\u00e7\u00e3o, preven\u00e7\u00e3o e formas de tratamento para combater a\nDoen\u00e7a de Alzheimer, promo\u00e7\u00e3o de esclarecimento e diagn\u00f3sticos precoce da\ndoen\u00e7a junto \u00e0 popula\u00e7\u00e3o, tamb\u00e9m a divulga\u00e7\u00e3o sobre o tema.<\/p>\n\n\n\n<p>Segundo Rubens Uch\u00f4a, o Projeto visa esclarecer e orientar&nbsp;a\npopula\u00e7\u00e3o acerca da Doen\u00e7a de Alzheimer, alertando a sociedade para este\nproblema de sa\u00fade p\u00fablica e promovendo o acesso \u00e0 informa\u00e7\u00e3o e conscientiza\u00e7\u00e3o\ndesta doen\u00e7a.<\/p>\n\n\n\n<p>O parlamentar justifica que, o dia 21 setembro \u00e9 o Dia Mundial\ndo Alzheimer, data em que se marca a necessidade de defesa e conscientiza\u00e7\u00e3o da\nsociedade, sobre a import\u00e2ncia da preven\u00e7\u00e3o, do diagn\u00f3stico precoce e do\ncuidado ofertado, bem como do apoio e suporte aos familiares e cuidadores das\npessoas que vivem com a doen\u00e7a de Alzheimer.<\/p>\n\n\n\n<p>A Doen\u00e7a de Alzheimer \u00e9 um transtorno neurodegenerativo\nprogressivo e fatal que se manifesta pela deteriora\u00e7\u00e3o cognitiva e da mem\u00f3ria,\ncomprometimento progressivo das atividades de vida di\u00e1ria e uma variedade&nbsp;de\nsintomas neuropsiqui\u00e1tricos e de altera\u00e7\u00f5es comportamentais.<\/p>\n\n\n\n<p>A causa ainda \u00e9 desconhecida, mas acredita-se que seja\ngeneticamente determinada. A Doen\u00e7a de Alzheimer \u00e9 a forma mais comum de\ndem\u00eancia neurodegenerativa em pessoas de idade, sendo respons\u00e1vel por mais da\nmetade dos casos de dem\u00eancia nessa popula\u00e7\u00e3o.<\/p>\n\n\n\n<p>Os principais sintomas s\u00e3o falta de mem\u00f3ria recente, dificuldade\nde acompanhar pensamentos complexos, incapacidade de elaborar estrat\u00e9gias para\nresolu\u00e7\u00e3o de problemas. Com a evolu\u00e7\u00e3o da doen\u00e7a aparece a perda da mem\u00f3ria\nremota, falhas na linguagem e dificuldade na capacidade de se orientar em tempo\ne espa\u00e7o at\u00e9 dificuldade para realizar atividade b\u00e1sicas como se alimentar,\ncontrole das fun\u00e7\u00f5es urin\u00e1rias.<\/p>\n\n\n\n<p>Ap\u00f3s o diagn\u00f3stico, a sobrevida m\u00e9dia \u00e9 de 8 a 10 anos. Como\nfatores de risco para o Alzheimer podemos identificar a idade e a hist\u00f3ria\nfamiliar: a dem\u00eancia \u00e9 mais prov\u00e1vel se a pessoa tem algum familiar que j\u00e1\nsofreu do problema.<\/p>\n\n\n\n<p>N\u00e3o existe preven\u00e7\u00e3o espec\u00edfica, mas manter a mente ativa,\natrav\u00e9s da estimula\u00e7\u00e3o da mem\u00f3ria e vida saud\u00e1vel pode inibir a manifesta\u00e7\u00e3o da\ndoen\u00e7a e retardar a perda da capacidade cognitiva e consequente autonomia.<\/p>\n","protected":false},"excerpt":{"rendered":"<p>Foi aprovado por unanimidade na sess\u00e3o desta ter\u00e7a feira (10) , o Projeto de Lei de autoria do vereador Rubens Uch\u00f4a que institu\u00ed nos dias 16 a 22 de setembro a Semana de Conscientiza\u00e7\u00e3o e Preven\u00e7\u00e3o da Doen\u00e7a de Alzheimer no Munic\u00edpio de Palmas. O Projeto de Lei tem por objetivo estimular a conscientiza\u00e7\u00e3o, preven\u00e7\u00e3o [&hellip;]<\/p>\n","protected":false},"author":2,"featured_media":9106,"comment_status":"open","ping_status":"open","sticky":false,"template":"","format":"standard","meta":[],"categories":[8,4],"tags":[],"_links":{"self":[{"href":"https:\/\/dgospel.com.br\/portal\/index.php\/wp-json\/wp\/v2\/posts\/9113"}],"collection":[{"href":"https:\/\/dgospel.com.br\/portal\/index.php\/wp-json\/wp\/v2\/posts"}],"about":[{"href":"https:\/\/dgospel.com.br\/portal\/index.php\/wp-json\/wp\/v2\/types\/post"}],"author":[{"embeddable":true,"href":"https:\/\/dgospel.com.br\/portal\/index.php\/wp-json\/wp\/v2\/users\/2"}],"replies":[{"embeddable":true,"href":"https:\/\/dgospel.com.br\/portal\/index.php\/wp-json\/wp\/v2\/comments?post=9113"}],"version-history":[{"count":3,"href":"https:\/\/dgospel.com.br\/portal\/index.php\/wp-json\/wp\/v2\/posts\/9113\/revisions"}],"predecessor-version":[{"id":9118,"href":"https:\/\/dgospel.com.br\/portal\/index.php\/wp-json\/wp\/v2\/posts\/9113\/revisions\/9118"}],"wp:featuredmedia":[{"embeddable":true,"href":"https:\/\/dgospel.com.br\/portal\/index.php\/wp-json\/wp\/v2\/media\/9106"}],"wp:attachment":[{"href":"https:\/\/dgospel.com.br\/portal\/index.php\/wp-json\/wp\/v2\/media?parent=9113"}],"wp:term":[{"taxonomy":"category","embeddable":true,"href":"https:\/\/dgospel.com.br\/portal\/index.php\/wp-json\/wp\/v2\/categories?post=9113"},{"taxonomy":"post_tag","embeddable":true,"href":"https:\/\/dgospel.com.br\/portal\/index.php\/wp-json\/wp\/v2\/tags?post=9113"}],"curies":[{"name":"wp","href":"https:\/\/api.w.org\/{rel}","templated":true}]}}