{"id":9119,"date":"2021-08-10T23:29:39","date_gmt":"2021-08-11T02:29:39","guid":{"rendered":"http:\/\/dgospel.com.br\/portal\/?p=9119"},"modified":"2021-08-10T23:29:40","modified_gmt":"2021-08-11T02:29:40","slug":"leo-barbosa-apresenta-projeto-de-lei-para-combater-a-evasao-e-o-abandono-escolar","status":"publish","type":"post","link":"https:\/\/dgospel.com.br\/portal\/index.php\/2021\/08\/10\/leo-barbosa-apresenta-projeto-de-lei-para-combater-a-evasao-e-o-abandono-escolar\/","title":{"rendered":"L\u00e9o Barbosa apresenta Projeto de Lei para combater a evas\u00e3o e o abandono escolar"},"content":{"rendered":"\n<p>Com o objetivo de definir princ\u00edpios e a\u00e7\u00f5es para a formula\u00e7\u00e3o e implementa\u00e7\u00e3o de pol\u00edticas p\u00fablicas para evitar que os alunos deixem de frequentar o ambiente escolar, o deputado estadual L\u00e9o Barbosa (Solidariedade) apresentou nesta ter\u00e7a-feira (10), na Assembleia Legislativa do Tocantins, um Projeto de Lei que institui a Pol\u00edtica de Combate ao Abandono e Evas\u00e3o Escolar.\u00a0<br>Segundo o texto do PL, dentre os objetivos previstos est\u00e3o o desenvolvimento de programas, a\u00e7\u00f5es e conex\u00f5es entre \u00f3rg\u00e3os p\u00fablicos, sociedade civil e organiza\u00e7\u00f5es sem fins lucrativos, que visem ao desenvolvimento de compet\u00eancias socioemocionais do aluno durante todo o ano letivo; Estrutura\u00e7\u00e3o de curr\u00edculo complementar com oportunidade de escolha de disciplinas eletivas; Estrutura\u00e7\u00e3o de avalia\u00e7\u00f5es diagn\u00f3sticas e convoca\u00e7\u00e3o de aulas de refor\u00e7o aos alunos que necessitarem; Promo\u00e7\u00e3o de atividades de autoconhecimento; Promo\u00e7\u00e3o de a\u00e7\u00f5es que estimulem a participa\u00e7\u00e3o dos alunos nas decis\u00f5es de suas turmas e s\u00e9ries, dentre outras.<br>De acordo com a Pesquisa Nacional por Amostra de Domic\u00edlios Cont\u00ednua (PnadC), do IBGE, e um estudo divulgado pelo movimento Todos pela Educa\u00e7\u00e3o, em 2018, aproximadamente quatro em cada dez brasileiros de 19 anos n\u00e3o conclu\u00edram o Ensino M\u00e9dio. Al\u00e9m disso, 62% dos jovens ouvidos n\u00e3o frequentavam mais a escola e 55% pararam os estudos ainda no Ensino Fundamental.<br>Com a pandemia, os riscos de evas\u00e3o e abandono representam um perigo ainda mais grave. A estimativa \u00e9 que 4 milh\u00f5es de estudantes, de 6 a 34 anos, tenham abandonado os estudos em 2020 (C6 Bank\/Datafolha). Desses, mais de 17% n\u00e3o pretendiam voltar a estudar neste ano, o que configura a evas\u00e3o. Seja por n\u00e3o terem acesso a qualquer aula, pela dificuldade com o ensino remoto, por n\u00e3o conseguir pagar os estudos ou por precisar ajudar nas contas de casa.<br>&#8220;A evas\u00e3o escolar \u00e9 uma das principais preocupa\u00e7\u00f5es dos especialistas em rela\u00e7\u00e3o \u00e0s consequ\u00eancias da pandemia no meio educacional, devido ao distanciamento dos alunos nas institui\u00e7\u00f5es. Por isso precisamos de um for\u00e7a tarefa para que os alunos entendam a import\u00e2ncia da educa\u00e7\u00e3o e de retornarem \u00e0s salas de aula&#8221;, ressaltou Barbosa. <\/p>\n","protected":false},"excerpt":{"rendered":"<p>Com o objetivo de definir princ\u00edpios e a\u00e7\u00f5es para a formula\u00e7\u00e3o e implementa\u00e7\u00e3o de pol\u00edticas p\u00fablicas para evitar que os alunos deixem de frequentar o ambiente escolar, o deputado estadual L\u00e9o Barbosa (Solidariedade) apresentou nesta ter\u00e7a-feira (10), na Assembleia Legislativa do Tocantins, um Projeto de Lei que institui a Pol\u00edtica de Combate ao Abandono e [&hellip;]<\/p>\n","protected":false},"author":2,"featured_media":8520,"comment_status":"open","ping_status":"open","sticky":false,"template":"","format":"standard","meta":[],"categories":[8],"tags":[],"_links":{"self":[{"href":"https:\/\/dgospel.com.br\/portal\/index.php\/wp-json\/wp\/v2\/posts\/9119"}],"collection":[{"href":"https:\/\/dgospel.com.br\/portal\/index.php\/wp-json\/wp\/v2\/posts"}],"about":[{"href":"https:\/\/dgospel.com.br\/portal\/index.php\/wp-json\/wp\/v2\/types\/post"}],"author":[{"embeddable":true,"href":"https:\/\/dgospel.com.br\/portal\/index.php\/wp-json\/wp\/v2\/users\/2"}],"replies":[{"embeddable":true,"href":"https:\/\/dgospel.com.br\/portal\/index.php\/wp-json\/wp\/v2\/comments?post=9119"}],"version-history":[{"count":1,"href":"https:\/\/dgospel.com.br\/portal\/index.php\/wp-json\/wp\/v2\/posts\/9119\/revisions"}],"predecessor-version":[{"id":9120,"href":"https:\/\/dgospel.com.br\/portal\/index.php\/wp-json\/wp\/v2\/posts\/9119\/revisions\/9120"}],"wp:featuredmedia":[{"embeddable":true,"href":"https:\/\/dgospel.com.br\/portal\/index.php\/wp-json\/wp\/v2\/media\/8520"}],"wp:attachment":[{"href":"https:\/\/dgospel.com.br\/portal\/index.php\/wp-json\/wp\/v2\/media?parent=9119"}],"wp:term":[{"taxonomy":"category","embeddable":true,"href":"https:\/\/dgospel.com.br\/portal\/index.php\/wp-json\/wp\/v2\/categories?post=9119"},{"taxonomy":"post_tag","embeddable":true,"href":"https:\/\/dgospel.com.br\/portal\/index.php\/wp-json\/wp\/v2\/tags?post=9119"}],"curies":[{"name":"wp","href":"https:\/\/api.w.org\/{rel}","templated":true}]}}