{"id":9124,"date":"2021-08-11T08:29:34","date_gmt":"2021-08-11T11:29:34","guid":{"rendered":"http:\/\/dgospel.com.br\/portal\/?p=9124"},"modified":"2021-08-11T08:29:35","modified_gmt":"2021-08-11T11:29:35","slug":"carlesse-renova-100-da-frota-de-veiculos-das-forcas-de-seguranca-e-entrega-novo-armamento-a-policia-militar","status":"publish","type":"post","link":"https:\/\/dgospel.com.br\/portal\/index.php\/2021\/08\/11\/carlesse-renova-100-da-frota-de-veiculos-das-forcas-de-seguranca-e-entrega-novo-armamento-a-policia-militar\/","title":{"rendered":"Carlesse renova 100% da frota de ve\u00edculos das for\u00e7as de seguran\u00e7a e entrega novo armamento \u00e0 Pol\u00edcia Militar"},"content":{"rendered":"\n<p>O governador do Estado do Tocantins, Mauro Carlesse, em mais uma a\u00e7\u00e3o de fortalecimento da Seguran\u00e7a P\u00fablica e de combate \u00e0 criminalidade, entregou na manh\u00e3 desta ter\u00e7a-feira, 10, novas viaturas para as Secretarias de Estado da Seguran\u00e7a P\u00fablica (SSP-TO); da Cidadania e Justi\u00e7a (Seciju); e da Pol\u00edcia Militar (PM), em um total de 583 ve\u00edculos. Para a PM, al\u00e9m das viaturas foram entregues tamb\u00e9m 97 novas armas.&nbsp;<\/p>\n\n\n\n<p>Durante a solenidade, o governador Mauro Carlesse destacou o esfor\u00e7o da Gest\u00e3o para que os profissionais da Seguran\u00e7a P\u00fablica tenham melhores condi\u00e7\u00f5es de trabalho. \u201cNossos servidores da seguran\u00e7a ter\u00e3o, agora, mais conforto para realizar seu trabalho. E isso \u00e9 uma alegria muito grande para n\u00f3s. Al\u00e9m disso, temos feito investimentos tamb\u00e9m em tecnologia para auxiliar nos trabalhos de monitoramento das for\u00e7as de seguran\u00e7a e, assim, garantir a seguran\u00e7a que a nossa popula\u00e7\u00e3o merece&#8221;, concluiu.&nbsp;<\/p>\n\n\n\n<p>O secret\u00e1rio de Estado da Seguran\u00e7a P\u00fablica, Cristiano Sampaio, ressaltou que o aparelhamento das pol\u00edcias e o trabalho integrado da Gest\u00e3o com as for\u00e7as de seguran\u00e7a t\u00eam mostrado bons resultados, com queda significativa nos \u00edndices de criminalidade no Estado.&nbsp;<\/p>\n\n\n\n<p>\u201cO aluguel dessas 210 novas viaturas \u00e9 mais um grande investimento do governador Mauro Carlesse na seguran\u00e7a p\u00fablica, que permitir\u00e1 que a popula\u00e7\u00e3o tenha uma pol\u00edcia mais presente e mais eficiente. Nosso \u00faltimo balan\u00e7o das for\u00e7as de seguran\u00e7a mostra uma redu\u00e7\u00e3o de 20% de crimes contra a vida, 12% em crimes relacionados ao patrim\u00f4nio e isso \u00e9 resultado do trabalho integrado das for\u00e7as de seguran\u00e7a\u201d, destacou o secret\u00e1rio.<\/p>\n\n\n\n<p>A SSP informou ainda que todos os 139 munic\u00edpios receber\u00e3o pelo menos uma viatura da nova frota.<\/p>\n\n\n\n<p>O secret\u00e1rio de Estado da Cidadania e Justi\u00e7a, Heber Fidelis, presente no ato, destacou que os novos ve\u00edculos trazem tamb\u00e9m mais dignidade ao trabalho dos servidores. \u201cS\u00e3o viaturas novas que n\u00f3s temos certeza de que n\u00e3o ir\u00e3o quebrar facilmente, que trar\u00e3o um conforto maior para os nossos servidores e assim poderemos entregar uma presta\u00e7\u00e3o de servi\u00e7o melhor para a nossa popula\u00e7\u00e3o, desde as unidades prisionais at\u00e9 as \u00e1reas administrativas e de intelig\u00eancia\u201d.&nbsp;<\/p>\n\n\n\n<p>A frota da Secretaria de Estado da Cidadania e Justi\u00e7a ser\u00e1 composta por 68 viaturas destinadas ao sistema Penitenci\u00e1rio e Prisional e Socioeducativo; \u00e0 Superintend\u00eancia de Prote\u00e7\u00e3o e Defesa do Consumidor (Procon\/TO); ao setor de Transporte da Seciju e ao secret\u00e1rio da Pasta.&nbsp;<\/p>\n\n\n\n<p><strong>Aparelhamento da PM<\/strong><\/p>\n\n\n\n<p>A Pol\u00edcia Militar recebeu 305 novas viaturas, o que permitir\u00e1 uma renova\u00e7\u00e3o de 100% da frota. O comandante-geral da Pol\u00edcia Militar, coronel Silva Neto, destacou que os novos ve\u00edculos permitir\u00e3o que os policiais trabalhem com mais seguran\u00e7a. &#8220;Antes, os detidos ficavam na mesma cabine que o policial, o que colocava esse agente em risco e, hoje, teremos ve\u00edculos adaptados para o servi\u00e7o da pol\u00edcia, que s\u00e3o viaturas com cub\u00edculo. Separando o detido dos policiais, n\u00f3s garantimos mais seguran\u00e7a para os nossos policiais e para o detido\u201d.<\/p>\n\n\n\n<p>Os 305 novos ve\u00edculos entregues s\u00e3o: 100 caminhonetes Mitsubishi L-200; 100 SUVs Renault Duster; 92 VW Gol; duas Toyotas SW4; oito motocicletas Honda \u00c1frica Twin 1.000 cc; e tr\u00eas Honda XRE 300 300 cc.&nbsp;<\/p>\n\n\n\n<p>Al\u00e9m das novas viaturas, foram entregues 97 novas pistolas glock, modelo G17, adquiridas por meio de emendas parlamentares dos deputados estaduais, Luana Ribeiro e Jair Farias.&nbsp;<\/p>\n\n\n\n<p><strong>Presen\u00e7as<\/strong><\/p>\n\n\n\n<p>Participaram do ato o presidente da Assembleia Legislativa do Estado do Tocantins, Antonio Andrade; a delegada-geral da Pol\u00edcia Civil do Tocantins, Raimunda Bezerra; deputados estaduais, policiais militares e civis e secret\u00e1rios de Estado.<\/p>\n\n\n\n<figure class=\"wp-block-image\"><img src=\"https:\/\/central.to.gov.br\/image\/255035?w=565&amp;h=349\" alt=\"\"\/><\/figure>\n\n\n\n<p>No ato, foram entregues tamb\u00e9m 97 novas pistolas para a Pol\u00edcia Militar &#8211; Washington Lu\u00eds \/Governo do Tocantins<\/p>\n\n\n\n<figure class=\"wp-block-image\"><img src=\"https:\/\/central.to.gov.br\/image\/255040?w=565&amp;h=349\" alt=\"\"\/><\/figure>\n\n\n\n<p>Novas viaturas para as Secretarias de Estado da Seguran\u00e7a P\u00fablica (SSP-TO); da Cidadania e Justi\u00e7a (Seciju); e da Pol\u00edcia Militar (PM), em um total de 583 ve\u00edculos &#8211; Inacio Neto\/Governo do Tocantins<\/p>\n\n\n\n<figure class=\"wp-block-image\"><img src=\"https:\/\/central.to.gov.br\/image\/255039?w=565&amp;h=349\" alt=\"\"\/><\/figure>\n\n\n\n<p>A Pol\u00edcia Militar recebeu 305 novas viaturas, o que permitir\u00e1 uma renova\u00e7\u00e3o de 100% da frota &#8211; In\u00e1cio Neto \/Governo do Tocantins<\/p>\n\n\n\n<figure class=\"wp-block-image\"><img src=\"https:\/\/central.to.gov.br\/image\/255038?w=565&amp;h=349\" alt=\"\"\/><\/figure>\n\n\n\n<p>O secret\u00e1rio de Cidadania e Justi\u00e7a, Heber Fidelis, frisou que as novas viaturas ajudar\u00e3o em uma melhor presta\u00e7\u00e3o de servi\u00e7o para a popula\u00e7\u00e3o &#8211; Washington Lu\u00eds \/Governo do Tocantins<\/p>\n\n\n\n<figure class=\"wp-block-image\"><img src=\"https:\/\/central.to.gov.br\/image\/255037?w=565&amp;h=349\" alt=\"\"\/><\/figure>\n\n\n\n<p>O secret\u00e1rio de Seguran\u00e7a P\u00fablica, Cristiano Sampaio, destacou que o trabalho das for\u00e7as de seguran\u00e7a tem contribu\u00eddo na queda dos \u00edndices de criminalidade no Estado &#8211; Washington Lu\u00eds \/Governo do Tocantins<\/p>\n\n\n\n<figure class=\"wp-block-image\"><img src=\"https:\/\/central.to.gov.br\/image\/255036?w=565&amp;h=349\" alt=\"\"\/><\/figure>\n\n\n\n<p>O comandante-geral da PM, coronel Silva Neto, refor\u00e7ou que os novos ve\u00edculos dar\u00e3o mais seguran\u00e7a ao trabalho dos policiais que atuam na rua, al\u00e9m de renovar 100% da frota &#8211; Washington Lu\u00eds \/Governo do Tocantins\n\n<\/p>\n","protected":false},"excerpt":{"rendered":"<p>O governador do Estado do Tocantins, Mauro Carlesse, em mais uma a\u00e7\u00e3o de fortalecimento da Seguran\u00e7a P\u00fablica e de combate \u00e0 criminalidade, entregou na manh\u00e3 desta ter\u00e7a-feira, 10, novas viaturas para as Secretarias de Estado da Seguran\u00e7a P\u00fablica (SSP-TO); da Cidadania e Justi\u00e7a (Seciju); e da Pol\u00edcia Militar (PM), em um total de 583 ve\u00edculos. [&hellip;]<\/p>\n","protected":false},"author":2,"featured_media":9125,"comment_status":"open","ping_status":"open","sticky":false,"template":"","format":"standard","meta":[],"categories":[3],"tags":[13],"_links":{"self":[{"href":"https:\/\/dgospel.com.br\/portal\/index.php\/wp-json\/wp\/v2\/posts\/9124"}],"collection":[{"href":"https:\/\/dgospel.com.br\/portal\/index.php\/wp-json\/wp\/v2\/posts"}],"about":[{"href":"https:\/\/dgospel.com.br\/portal\/index.php\/wp-json\/wp\/v2\/types\/post"}],"author":[{"embeddable":true,"href":"https:\/\/dgospel.com.br\/portal\/index.php\/wp-json\/wp\/v2\/users\/2"}],"replies":[{"embeddable":true,"href":"https:\/\/dgospel.com.br\/portal\/index.php\/wp-json\/wp\/v2\/comments?post=9124"}],"version-history":[{"count":1,"href":"https:\/\/dgospel.com.br\/portal\/index.php\/wp-json\/wp\/v2\/posts\/9124\/revisions"}],"predecessor-version":[{"id":9126,"href":"https:\/\/dgospel.com.br\/portal\/index.php\/wp-json\/wp\/v2\/posts\/9124\/revisions\/9126"}],"wp:featuredmedia":[{"embeddable":true,"href":"https:\/\/dgospel.com.br\/portal\/index.php\/wp-json\/wp\/v2\/media\/9125"}],"wp:attachment":[{"href":"https:\/\/dgospel.com.br\/portal\/index.php\/wp-json\/wp\/v2\/media?parent=9124"}],"wp:term":[{"taxonomy":"category","embeddable":true,"href":"https:\/\/dgospel.com.br\/portal\/index.php\/wp-json\/wp\/v2\/categories?post=9124"},{"taxonomy":"post_tag","embeddable":true,"href":"https:\/\/dgospel.com.br\/portal\/index.php\/wp-json\/wp\/v2\/tags?post=9124"}],"curies":[{"name":"wp","href":"https:\/\/api.w.org\/{rel}","templated":true}]}}