{"id":9127,"date":"2021-08-12T10:59:48","date_gmt":"2021-08-12T13:59:48","guid":{"rendered":"http:\/\/dgospel.com.br\/portal\/?p=9127"},"modified":"2021-08-12T10:59:49","modified_gmt":"2021-08-12T13:59:49","slug":"vereador-rubens-uchoa-protocola-projeto-de-lei-que-visa-homenagear-os-advogados-palmenses","status":"publish","type":"post","link":"https:\/\/dgospel.com.br\/portal\/index.php\/2021\/08\/12\/vereador-rubens-uchoa-protocola-projeto-de-lei-que-visa-homenagear-os-advogados-palmenses\/","title":{"rendered":"Vereador Rubens Uch\u00f4a protocola Projeto de Lei que visa homenagear os Advogados Palmenses"},"content":{"rendered":"\n<p>Visando\nhomenagear os Advogados Palmenses,ovice-presidente da C\u00e2mara Municipal de\nPalmas, vereador Rubens Uchoa<strong>, <\/strong>protocolou\num Projeto de Lei\u00b8 que institui\no Dia Municipal da Advocacia, a ser\ncelebrado anualmente no dia 11 de agosto.<strong><\/strong><\/p>\n\n\n\n<p>\u201cConsiderada\num dos pilares da justi\u00e7a e \u2018indispens\u00e1vel a sua administra\u00e7\u00e3o\u2019, pela\nConstitui\u00e7\u00e3o Federal, o exerc\u00edcio da advocacia \u00e9 extremamente importante, pois\ns\u00e3o os advogados que protegem os interesses e garantem que os direitos\nespecificados pela legisla\u00e7\u00e3o sejam atribu\u00eddos a seus clientes\u201d, justifica\nUchoa.&nbsp;<\/p>\n\n\n\n<p>O parlamentar considera ainda a fun\u00e7\u00e3o da advocacia\nextremamente relevante, pois \u00e9 essencial a justi\u00e7a. O advogado atua como um elo\nentre a parte que defende e o direito que tenta lhe assegurar. \u201cA import\u00e2ncia do advogado&nbsp;vai\nal\u00e9m de sua atua\u00e7\u00e3o como defensor, pois ele tamb\u00e9m exerce a fun\u00e7\u00e3o social,\ncombatendo a injusti\u00e7a e zelando pela democracia sempre\u201d, explica.<\/p>\n\n\n\n<p>O\nDia do Advogado \u00e9 nacionalmente comemorado no dia 11 de agosto. Nesta data, em\n1827, foram criadas as duas primeiras faculdades de Direito no Brasil. \u201cPor\nestas raz\u00f5es que, objetivando prestar uma homenagem a Advocacia e a classe dos\nadvogados do munic\u00edpio de Palmas \u00e9 que apresento aos meus pares o presente\nprojeto de lei\u201d, diz o vereador.<\/p>\n","protected":false},"excerpt":{"rendered":"<p>Visando homenagear os Advogados Palmenses,ovice-presidente da C\u00e2mara Municipal de Palmas, vereador Rubens Uchoa, protocolou um Projeto de Lei\u00b8 que institui o Dia Municipal da Advocacia, a ser celebrado anualmente no dia 11 de agosto. \u201cConsiderada um dos pilares da justi\u00e7a e \u2018indispens\u00e1vel a sua administra\u00e7\u00e3o\u2019, pela Constitui\u00e7\u00e3o Federal, o exerc\u00edcio da advocacia \u00e9 extremamente importante, [&hellip;]<\/p>\n","protected":false},"author":2,"featured_media":9128,"comment_status":"open","ping_status":"open","sticky":false,"template":"","format":"standard","meta":[],"categories":[8],"tags":[],"_links":{"self":[{"href":"https:\/\/dgospel.com.br\/portal\/index.php\/wp-json\/wp\/v2\/posts\/9127"}],"collection":[{"href":"https:\/\/dgospel.com.br\/portal\/index.php\/wp-json\/wp\/v2\/posts"}],"about":[{"href":"https:\/\/dgospel.com.br\/portal\/index.php\/wp-json\/wp\/v2\/types\/post"}],"author":[{"embeddable":true,"href":"https:\/\/dgospel.com.br\/portal\/index.php\/wp-json\/wp\/v2\/users\/2"}],"replies":[{"embeddable":true,"href":"https:\/\/dgospel.com.br\/portal\/index.php\/wp-json\/wp\/v2\/comments?post=9127"}],"version-history":[{"count":1,"href":"https:\/\/dgospel.com.br\/portal\/index.php\/wp-json\/wp\/v2\/posts\/9127\/revisions"}],"predecessor-version":[{"id":9129,"href":"https:\/\/dgospel.com.br\/portal\/index.php\/wp-json\/wp\/v2\/posts\/9127\/revisions\/9129"}],"wp:featuredmedia":[{"embeddable":true,"href":"https:\/\/dgospel.com.br\/portal\/index.php\/wp-json\/wp\/v2\/media\/9128"}],"wp:attachment":[{"href":"https:\/\/dgospel.com.br\/portal\/index.php\/wp-json\/wp\/v2\/media?parent=9127"}],"wp:term":[{"taxonomy":"category","embeddable":true,"href":"https:\/\/dgospel.com.br\/portal\/index.php\/wp-json\/wp\/v2\/categories?post=9127"},{"taxonomy":"post_tag","embeddable":true,"href":"https:\/\/dgospel.com.br\/portal\/index.php\/wp-json\/wp\/v2\/tags?post=9127"}],"curies":[{"name":"wp","href":"https:\/\/api.w.org\/{rel}","templated":true}]}}