{"id":913,"date":"2018-08-06T16:28:40","date_gmt":"2018-08-06T19:28:40","guid":{"rendered":"http:\/\/dgospel.com.br\/portal\/?p=913"},"modified":"2018-08-06T16:28:40","modified_gmt":"2018-08-06T19:28:40","slug":"apos-perder-apoio-de-partidos-aliados-amastha-desiste-de-disputar-governo-do-tocantins","status":"publish","type":"post","link":"https:\/\/dgospel.com.br\/portal\/index.php\/2018\/08\/06\/apos-perder-apoio-de-partidos-aliados-amastha-desiste-de-disputar-governo-do-tocantins\/","title":{"rendered":"Ap\u00f3s perder apoio de partidos aliados, Amastha desiste de disputar governo do Tocantins"},"content":{"rendered":"<p>O ex-prefeito Carlos Amastha (PSB) desistiu de disputar o governo do Tocantins nas pr\u00f3ximas elei\u00e7\u00f5es. O an\u00fancio foi feito na tarde desta segunda-feira (6),<a style=\"font-style: inherit;\" href=\"https:\/\/g1.globo.com\/to\/tocantins\/eleicoes\/2018\/noticia\/2018\/08\/05\/psb-confirma-candidatura-de-carlos-amastha-ao-governo-do-tocantins.ghtml\"><strong>\u00a0horas ap\u00f3s ser definido como candidato em conven\u00e7\u00e3o do Partido Socialista Brasileiro (PSB)<\/strong><\/a>.<\/p>\n<p>Em um v\u00eddeo divulgado nas redes sociais, Amastha disse ter orgulho do que j\u00e1 fez na pol\u00edtica. &#8220;Parecia que estava tudo encaminhado [&#8230;] Infelizmente, as coliga\u00e7\u00f5es proporcionais n\u00e3o foram bem sucedidas. Com a sa\u00edda do PC do B e do PTB, o projeto perdeu a ess\u00eancia&#8221;, disse.<\/p>\n<p style=\"font-style: inherit; font-weight: inherit;\" data-track-category=\"Link no Texto\" data-track-links=\"\">A conven\u00e7\u00e3o que definiu a candidatura de Amastha foi realizada na noite deste domingo (5) em Palmas. No grupo estavam o Partido da Social Democracia Brasileira (PSDB) e o Partido da Rep\u00fablica (PR), que lan\u00e7aram Ata\u00eddes Oliveira e Vicentinho Alves ao senado, respectivamente. Os partidos tamb\u00e9m foram supreendidos e ainda n\u00e3o se posicionaram sobre a desist\u00eancia.<\/p>\n<p style=\"font-style: inherit; font-weight: inherit;\" data-track-category=\"Link no Texto\" data-track-links=\"\">O pr\u00e9-candidato tamb\u00e9m pediu desculpas pela desist\u00eancia. &#8220;Pe\u00e7o desculpas se machuquei algu\u00e9m e me coloco a disposi\u00e7\u00e3o para que meu nome seja substitu\u00eddo. Sem a volta deles [dos partidos], n\u00e3o tem a m\u00ednima chance de ser candidato&#8221;, disse.<\/p>\n<p style=\"font-style: inherit; font-weight: inherit;\" data-track-category=\"Link no Texto\" data-track-links=\"\">Amastha tamb\u00e9m foi um dos candidatos nas elei\u00e7\u00f5es suplementares ao governo do Tocantins, convocada ap\u00f3s a cassa\u00e7\u00e3o de Marcelo Miranda (MDB). Ele ficou em terceiro lugar na prefer\u00eancia do eleitorado.<\/p>\n<p style=\"font-style: inherit; font-weight: inherit;\" data-track-category=\"Link no Texto\" data-track-links=\"\"><em style=\"font-weight: inherit;\">\u00a0<\/em><\/p>\n<p data-track-category=\"Link no Texto\" data-track-links=\"\">Fonte:\u00a0G1 Tocantins<\/p>\n","protected":false},"excerpt":{"rendered":"<p>O ex-prefeito Carlos Amastha (PSB) desistiu de disputar o governo do Tocantins nas pr\u00f3ximas elei\u00e7\u00f5es. O an\u00fancio foi feito na tarde desta segunda-feira (6),\u00a0horas ap\u00f3s ser definido como candidato em conven\u00e7\u00e3o do Partido Socialista Brasileiro (PSB). Em um v\u00eddeo divulgado nas redes sociais, Amastha disse ter orgulho do que j\u00e1 fez na pol\u00edtica. &#8220;Parecia que [&hellip;]<\/p>\n","protected":false},"author":2,"featured_media":914,"comment_status":"open","ping_status":"open","sticky":false,"template":"","format":"standard","meta":[],"categories":[2,4],"tags":[],"_links":{"self":[{"href":"https:\/\/dgospel.com.br\/portal\/index.php\/wp-json\/wp\/v2\/posts\/913"}],"collection":[{"href":"https:\/\/dgospel.com.br\/portal\/index.php\/wp-json\/wp\/v2\/posts"}],"about":[{"href":"https:\/\/dgospel.com.br\/portal\/index.php\/wp-json\/wp\/v2\/types\/post"}],"author":[{"embeddable":true,"href":"https:\/\/dgospel.com.br\/portal\/index.php\/wp-json\/wp\/v2\/users\/2"}],"replies":[{"embeddable":true,"href":"https:\/\/dgospel.com.br\/portal\/index.php\/wp-json\/wp\/v2\/comments?post=913"}],"version-history":[{"count":1,"href":"https:\/\/dgospel.com.br\/portal\/index.php\/wp-json\/wp\/v2\/posts\/913\/revisions"}],"predecessor-version":[{"id":915,"href":"https:\/\/dgospel.com.br\/portal\/index.php\/wp-json\/wp\/v2\/posts\/913\/revisions\/915"}],"wp:featuredmedia":[{"embeddable":true,"href":"https:\/\/dgospel.com.br\/portal\/index.php\/wp-json\/wp\/v2\/media\/914"}],"wp:attachment":[{"href":"https:\/\/dgospel.com.br\/portal\/index.php\/wp-json\/wp\/v2\/media?parent=913"}],"wp:term":[{"taxonomy":"category","embeddable":true,"href":"https:\/\/dgospel.com.br\/portal\/index.php\/wp-json\/wp\/v2\/categories?post=913"},{"taxonomy":"post_tag","embeddable":true,"href":"https:\/\/dgospel.com.br\/portal\/index.php\/wp-json\/wp\/v2\/tags?post=913"}],"curies":[{"name":"wp","href":"https:\/\/api.w.org\/{rel}","templated":true}]}}