{"id":9136,"date":"2021-08-13T15:53:08","date_gmt":"2021-08-13T18:53:08","guid":{"rendered":"http:\/\/dgospel.com.br\/portal\/?p=9136"},"modified":"2021-08-13T15:53:10","modified_gmt":"2021-08-13T18:53:10","slug":"pr-silas-malafaia-diz-que-moraes-acaba-de-decretar-a-ruptura-institucional-no-brasil","status":"publish","type":"post","link":"https:\/\/dgospel.com.br\/portal\/index.php\/2021\/08\/13\/pr-silas-malafaia-diz-que-moraes-acaba-de-decretar-a-ruptura-institucional-no-brasil\/","title":{"rendered":"Pr. Silas Malafaia diz que Moraes \u201cacaba de decretar a ruptura institucional no Brasil\u201d"},"content":{"rendered":"\n<p>Nesta sexta-feira (13), o pastor Silas Malafaia criticou a decis\u00e3o do ministro do Supremo Tribunal Federal (STF), Alexandre de Moraes, de aceitar um pedido do Tribunal Superior Eleitoral (TSE) para investigar o presidente Jair Bolsonaro no inqu\u00e9rito das fake news.<\/p>\n\n\n\n<p>Em um v\u00eddeo, Malafaia diz que Alexandre de Moraes \u201cacaba de decretar a ruptura institucional no Brasil\u201d e argumenta que o inqu\u00e9rito \u00e9 inconstitucional.<\/p>\n\n\n\n<p>\u2013 \u00c9 compet\u00eancia restrita do Minist\u00e9rio P\u00fablico oferecer den\u00fancia (art. 129 da Constitui\u00e7\u00e3o). E o presidente da Rep\u00fablica, para ser investigado em crimes comuns, s\u00f3 com a autoriza\u00e7\u00e3o de dois ter\u00e7os do Congresso (art. 86 da Constitui\u00e7\u00e3o). Isso \u00e9 uma vergonha! Cad\u00ea a ABI? Cad\u00ea a OAB? Cad\u00ea a imprensa? \u2013 questionou.<\/p>\n\n\n\n<p>Malafaia ainda criticou a pris\u00e3o de Roberto Jefferson e disse que o artigo 5\u00ba da Constitui\u00e7\u00e3o foi \u201crasgado\u201d.<\/p>\n\n\n\n<p>\u2013 Prenderam o ex-deputado Roberto Jefferson por suas opini\u00f5es! Xinga o presidente, deseja morte do presidente, fala mal de todo mundo, e [isso] \u00e9 \u201cato democr\u00e1tico\u201d. [Mas] Se falar contra o STF e o Congresso \u00e9 \u201cato antidemocr\u00e1tico\u201d. Rasgaram o art. 5\u00ba da constitui\u00e7\u00e3o! Aonde vamos parar? O povo \u00e9 o supremo poder. Eles est\u00e3o fazendo algo [para o] que n\u00e3o t\u00eam compet\u00eancia \u2013 afirmou.<\/p>\n\n\n\n<p>O pastor pediu tamb\u00e9m o impeachment dos sete ministros do TSE, citando nominalmente Alexandre de Moraes e Lu\u00eds Roberto Barroso.<\/p>\n\n\n\n<p>\u2013 O presidente do Senado, Rodrigo Pacheco, sentou em cima, esse covarde, de 3 milh\u00f5es de assinaturas pedindo o impeachment desse ditador [que \u00e9 o] Alexandre de Moraes! Aonde o Brasil vai parar? Querem transformar isso aqui numa Argentina e Venezuela? N\u00e3o! Em nome de Jesus, n\u00e3o! Essa gente vai cair. Deus nos livre dessa gente m\u00e1. O presidente n\u00e3o pode ser investigado por eles. Eles n\u00e3o t\u00eam autoridade constitucional \u2013 protestou Mafafaia.<\/p>\n\n\n\n<figure class=\"wp-block-embed-twitter wp-block-embed is-type-rich is-provider-twitter\"><div class=\"wp-block-embed__wrapper\">\n<blockquote class=\"twitter-tweet\" data-width=\"550\" data-dnt=\"true\"><p lang=\"pt\" dir=\"ltr\">URGENTE! Bolsonaro e o ditador da toga <a href=\"https:\/\/t.co\/kg5835XqlI\">pic.twitter.com\/kg5835XqlI<\/a><\/p>&mdash; Silas Malafaia (@PastorMalafaia) <a href=\"https:\/\/twitter.com\/PastorMalafaia\/status\/1426196999083266048?ref_src=twsrc%5Etfw\">August 13, 2021<\/a><\/blockquote><script async src=\"https:\/\/platform.twitter.com\/widgets.js\" charset=\"utf-8\"><\/script>\n<\/div><\/figure>\n","protected":false},"excerpt":{"rendered":"<p>Nesta sexta-feira (13), o pastor Silas Malafaia criticou a decis\u00e3o do ministro do Supremo Tribunal Federal (STF), Alexandre de Moraes, de aceitar um pedido do Tribunal Superior Eleitoral (TSE) para investigar o presidente Jair Bolsonaro no inqu\u00e9rito das fake news. Em um v\u00eddeo, Malafaia diz que Alexandre de Moraes \u201cacaba de decretar a ruptura institucional [&hellip;]<\/p>\n","protected":false},"author":2,"featured_media":9137,"comment_status":"open","ping_status":"open","sticky":false,"template":"","format":"standard","meta":[],"categories":[4],"tags":[14],"_links":{"self":[{"href":"https:\/\/dgospel.com.br\/portal\/index.php\/wp-json\/wp\/v2\/posts\/9136"}],"collection":[{"href":"https:\/\/dgospel.com.br\/portal\/index.php\/wp-json\/wp\/v2\/posts"}],"about":[{"href":"https:\/\/dgospel.com.br\/portal\/index.php\/wp-json\/wp\/v2\/types\/post"}],"author":[{"embeddable":true,"href":"https:\/\/dgospel.com.br\/portal\/index.php\/wp-json\/wp\/v2\/users\/2"}],"replies":[{"embeddable":true,"href":"https:\/\/dgospel.com.br\/portal\/index.php\/wp-json\/wp\/v2\/comments?post=9136"}],"version-history":[{"count":1,"href":"https:\/\/dgospel.com.br\/portal\/index.php\/wp-json\/wp\/v2\/posts\/9136\/revisions"}],"predecessor-version":[{"id":9138,"href":"https:\/\/dgospel.com.br\/portal\/index.php\/wp-json\/wp\/v2\/posts\/9136\/revisions\/9138"}],"wp:featuredmedia":[{"embeddable":true,"href":"https:\/\/dgospel.com.br\/portal\/index.php\/wp-json\/wp\/v2\/media\/9137"}],"wp:attachment":[{"href":"https:\/\/dgospel.com.br\/portal\/index.php\/wp-json\/wp\/v2\/media?parent=9136"}],"wp:term":[{"taxonomy":"category","embeddable":true,"href":"https:\/\/dgospel.com.br\/portal\/index.php\/wp-json\/wp\/v2\/categories?post=9136"},{"taxonomy":"post_tag","embeddable":true,"href":"https:\/\/dgospel.com.br\/portal\/index.php\/wp-json\/wp\/v2\/tags?post=9136"}],"curies":[{"name":"wp","href":"https:\/\/api.w.org\/{rel}","templated":true}]}}