{"id":9139,"date":"2021-08-13T15:59:12","date_gmt":"2021-08-13T18:59:12","guid":{"rendered":"http:\/\/dgospel.com.br\/portal\/?p=9139"},"modified":"2021-08-13T15:59:13","modified_gmt":"2021-08-13T18:59:13","slug":"roberto-jefferson-falei-pro-xandao-que-o-buraco-comigo-e-mais-embaixo","status":"publish","type":"post","link":"https:\/\/dgospel.com.br\/portal\/index.php\/2021\/08\/13\/roberto-jefferson-falei-pro-xandao-que-o-buraco-comigo-e-mais-embaixo\/","title":{"rendered":"Roberto Jefferson: \u2018Falei pro Xand\u00e3o que o buraco comigo \u00e9 mais embaixo\u2019"},"content":{"rendered":"\n<p>O presidente nacional do PTB,&nbsp;<a href=\"http:\/\/pleno.news\/tag\/roberto-jefferson\" target=\"_blank\" rel=\"noreferrer noopener\">Roberto Jefferson<\/a>, disse em um \u00e1udio gravado antes de sua pris\u00e3o, que ocorreu na manh\u00e3 desta sexta-feira (13), que a conta dele com o ministro Alexandre de Moraes, do&nbsp;<a href=\"http:\/\/pleno.news\/tag\/stf\" target=\"_blank\" rel=\"noreferrer noopener\">Supremo Tribunal Federal<\/a>, agora \u201c\u00e9 pessoal\u201d. Na grava\u00e7\u00e3o, em que Jefferson chama o ministro de \u201cXand\u00e3o\u201d, o ex-deputado disse que espera se encontrar pessoalmente com Moraes.<\/p>\n\n\n\n<p>\u2013 J\u00e1 falei para o Xand\u00e3o [Alexandre de Moraes] uma vez e vou repetir: \u201cO buraco comigo \u00e9 mais embaixo, Xand\u00e3o. Sei que voc\u00ea \u00e9 metido a valente, mas nossa conta \u00e9 pessoal daqui para frente. N\u00e3o tem sa\u00edda. Voc\u00ea est\u00e1 perseguindo pessoalmente a mim e ao PTB. A vida vai nos colocar frente a frente\u201d \u2013 disse Jefferson em um \u00e1udio enviado a filiados do PTB.<\/p>\n\n\n\n<p>Jefferson tamb\u00e9m disse que Moraes \u00e9 \u201co cachorro do Supremo, o Xand\u00e3o, o pior car\u00e1ter que tem no Supremo\u201d e que o STF \u00e9 \u201cuma organiza\u00e7\u00e3o criminosa para servir aos interesses dos comunistas e para praticar abuso de autoridade e constrangimento a pessoas que militam democraticamente\u201d.<\/p>\n\n\n\n<p>\u2013 N\u00e3o sei por quanto tempo essa pris\u00e3o dura. \u00c9 ruptura total da ordem constitucional. Quando ele [Moraes] abre inqu\u00e9rito contra o presidente da Rep\u00fablica, contra o ministro da Justi\u00e7a e o delegado da Pol\u00edcia Federal, perdeu o respeito a tudo. O Supremo est\u00e1 repetindo no Brasil o que fez na Venezuela \u2013 diz Jefferson em um outro \u00e1udio.<\/p>\n\n\n\n<p>O presidente do PTB tamb\u00e9m disse que estava \u201csereno e sensato\u201d e pediu que os filiados do partido respeitem a vice-presidente do PTB, Graciela Nienov, que ficar\u00e1 \u00e0 frente das quest\u00f5es relacionadas \u00e0 sigla enquanto ele estiver detido.<\/p>\n\n\n\n<p>\u2013 Respeitem a Graci. Ela \u00e9 a vice do PTB. Ela \u00e9 meu bra\u00e7o direito. Confio na Graci. [Ela] Tem levado o partido a partir da base. Est\u00e1 me ajudando a construir o PTB. Pe\u00e7o que prestigiem a Graci \u2013 completou Jefferson.<\/p>\n\n\n\n<p><\/p>\n","protected":false},"excerpt":{"rendered":"<p>O presidente nacional do PTB,&nbsp;Roberto Jefferson, disse em um \u00e1udio gravado antes de sua pris\u00e3o, que ocorreu na manh\u00e3 desta sexta-feira (13), que a conta dele com o ministro Alexandre de Moraes, do&nbsp;Supremo Tribunal Federal, agora \u201c\u00e9 pessoal\u201d. Na grava\u00e7\u00e3o, em que Jefferson chama o ministro de \u201cXand\u00e3o\u201d, o ex-deputado disse que espera se encontrar [&hellip;]<\/p>\n","protected":false},"author":2,"featured_media":9140,"comment_status":"open","ping_status":"open","sticky":false,"template":"","format":"standard","meta":[],"categories":[4],"tags":[14],"_links":{"self":[{"href":"https:\/\/dgospel.com.br\/portal\/index.php\/wp-json\/wp\/v2\/posts\/9139"}],"collection":[{"href":"https:\/\/dgospel.com.br\/portal\/index.php\/wp-json\/wp\/v2\/posts"}],"about":[{"href":"https:\/\/dgospel.com.br\/portal\/index.php\/wp-json\/wp\/v2\/types\/post"}],"author":[{"embeddable":true,"href":"https:\/\/dgospel.com.br\/portal\/index.php\/wp-json\/wp\/v2\/users\/2"}],"replies":[{"embeddable":true,"href":"https:\/\/dgospel.com.br\/portal\/index.php\/wp-json\/wp\/v2\/comments?post=9139"}],"version-history":[{"count":1,"href":"https:\/\/dgospel.com.br\/portal\/index.php\/wp-json\/wp\/v2\/posts\/9139\/revisions"}],"predecessor-version":[{"id":9141,"href":"https:\/\/dgospel.com.br\/portal\/index.php\/wp-json\/wp\/v2\/posts\/9139\/revisions\/9141"}],"wp:featuredmedia":[{"embeddable":true,"href":"https:\/\/dgospel.com.br\/portal\/index.php\/wp-json\/wp\/v2\/media\/9140"}],"wp:attachment":[{"href":"https:\/\/dgospel.com.br\/portal\/index.php\/wp-json\/wp\/v2\/media?parent=9139"}],"wp:term":[{"taxonomy":"category","embeddable":true,"href":"https:\/\/dgospel.com.br\/portal\/index.php\/wp-json\/wp\/v2\/categories?post=9139"},{"taxonomy":"post_tag","embeddable":true,"href":"https:\/\/dgospel.com.br\/portal\/index.php\/wp-json\/wp\/v2\/tags?post=9139"}],"curies":[{"name":"wp","href":"https:\/\/api.w.org\/{rel}","templated":true}]}}