{"id":9149,"date":"2021-08-18T10:34:55","date_gmt":"2021-08-18T13:34:55","guid":{"rendered":"http:\/\/dgospel.com.br\/portal\/?p=9149"},"modified":"2021-08-18T10:34:56","modified_gmt":"2021-08-18T13:34:56","slug":"quem-tomou-a-coronavac-esta-morrendo-afirma-bolsonaro","status":"publish","type":"post","link":"https:\/\/dgospel.com.br\/portal\/index.php\/2021\/08\/18\/quem-tomou-a-coronavac-esta-morrendo-afirma-bolsonaro\/","title":{"rendered":"Quem tomou a CoronaVac est\u00e1 morrendo, afirma Bolsonaro"},"content":{"rendered":"\n<p> Nesta ter\u00e7a-feira (17), o presidente Jair Bolsonaro criticou o governador de S\u00e3o Paulo, Jo\u00e3o Doria, e a vacina CoronaVac, contra a Covid-19. Em entrevista \u00e0 R\u00e1dio Capital Not\u00edcia, de Cuiab\u00e1 (MT), Bolsonaro disse que quem tomou o imunizante \u201cest\u00e1 morrendo\u201d. <\/p>\n\n\n\n<p> De acordo com o chefe do Executivo federal, \u201cningu\u00e9m tem coragem de falar\u201d sobre a situa\u00e7\u00e3o. <\/p>\n\n\n\n<p>\u2013 Por que esta onda toda contra o tratamento precoce? Ser\u00e1 por que \u00e9 um grande neg\u00f3cio por parte da ind\u00fastria farmac\u00eautica comprar vacinas? Olha o que est\u00e1 acontecendo com a CoronaVac. Ningu\u00e9m tem coragem de falar. Gente que tomou as duas doses foi infectada e est\u00e1 morrendo. Por que ela est\u00e1 morrendo? Porque acreditou nas palavras do governador de S\u00e3o Paulo, que disse que quem tomasse as duas doses da CoronaVac e fosse infectado jamais morreria, e a pessoa [\u00e9 infectada e] fica em casa, achando que tomou as duas doses [da vacina] e n\u00e3o vai morrer, e acaba morrendo \u2013 destacou.<\/p>\n\n\n\n<p>Durante a entrevista, o presidente da Rep\u00fablica tamb\u00e9m falou sobre a compra de imunizantes pelo seu governo e lembrou que sempre foi contra adquirir vacinas \u201csem a certifica\u00e7\u00e3o\u201d da Ag\u00eancia Nacional de Vigil\u00e2ncia Sanit\u00e1ria.<\/p>\n\n\n\n<p>\u2013 Quanto \u00e0s vacinas, o nosso governo tomou todas as provid\u00eancias. N\u00e3o existia vacina para comprar ano passado, bem como, no in\u00edcio do ano, n\u00e3o tinha vacina dispon\u00edvel para todo mundo. Tirando os quatro pa\u00edses que produzem vacina, o Brasil est\u00e1 mais \u00e0 frente. Eu sempre fui contra comprar vacina sem a certifica\u00e7\u00e3o da Anvisa \u2013 destacou.<\/p>\n","protected":false},"excerpt":{"rendered":"<p>Nesta ter\u00e7a-feira (17), o presidente Jair Bolsonaro criticou o governador de S\u00e3o Paulo, Jo\u00e3o Doria, e a vacina CoronaVac, contra a Covid-19. Em entrevista \u00e0 R\u00e1dio Capital Not\u00edcia, de Cuiab\u00e1 (MT), Bolsonaro disse que quem tomou o imunizante \u201cest\u00e1 morrendo\u201d. De acordo com o chefe do Executivo federal, \u201cningu\u00e9m tem coragem de falar\u201d sobre a [&hellip;]<\/p>\n","protected":false},"author":2,"featured_media":9150,"comment_status":"open","ping_status":"open","sticky":false,"template":"","format":"standard","meta":[],"categories":[4],"tags":[13,14],"_links":{"self":[{"href":"https:\/\/dgospel.com.br\/portal\/index.php\/wp-json\/wp\/v2\/posts\/9149"}],"collection":[{"href":"https:\/\/dgospel.com.br\/portal\/index.php\/wp-json\/wp\/v2\/posts"}],"about":[{"href":"https:\/\/dgospel.com.br\/portal\/index.php\/wp-json\/wp\/v2\/types\/post"}],"author":[{"embeddable":true,"href":"https:\/\/dgospel.com.br\/portal\/index.php\/wp-json\/wp\/v2\/users\/2"}],"replies":[{"embeddable":true,"href":"https:\/\/dgospel.com.br\/portal\/index.php\/wp-json\/wp\/v2\/comments?post=9149"}],"version-history":[{"count":1,"href":"https:\/\/dgospel.com.br\/portal\/index.php\/wp-json\/wp\/v2\/posts\/9149\/revisions"}],"predecessor-version":[{"id":9151,"href":"https:\/\/dgospel.com.br\/portal\/index.php\/wp-json\/wp\/v2\/posts\/9149\/revisions\/9151"}],"wp:featuredmedia":[{"embeddable":true,"href":"https:\/\/dgospel.com.br\/portal\/index.php\/wp-json\/wp\/v2\/media\/9150"}],"wp:attachment":[{"href":"https:\/\/dgospel.com.br\/portal\/index.php\/wp-json\/wp\/v2\/media?parent=9149"}],"wp:term":[{"taxonomy":"category","embeddable":true,"href":"https:\/\/dgospel.com.br\/portal\/index.php\/wp-json\/wp\/v2\/categories?post=9149"},{"taxonomy":"post_tag","embeddable":true,"href":"https:\/\/dgospel.com.br\/portal\/index.php\/wp-json\/wp\/v2\/tags?post=9149"}],"curies":[{"name":"wp","href":"https:\/\/api.w.org\/{rel}","templated":true}]}}