{"id":9155,"date":"2021-08-18T10:50:42","date_gmt":"2021-08-18T13:50:42","guid":{"rendered":"http:\/\/dgospel.com.br\/portal\/?p=9155"},"modified":"2021-08-18T10:50:44","modified_gmt":"2021-08-18T13:50:44","slug":"cristaos-afegaos-lidam-com-a-crise-por-meio-da-oracao","status":"publish","type":"post","link":"https:\/\/dgospel.com.br\/portal\/index.php\/2021\/08\/18\/cristaos-afegaos-lidam-com-a-crise-por-meio-da-oracao\/","title":{"rendered":"Crist\u00e3os afeg\u00e3os lidam com a crise por meio da ora\u00e7\u00e3o"},"content":{"rendered":"\n<p>Ap\u00f3s tomada de poder do Talib\u00e3 no Afeganist\u00e3o, o medo e a inseguran\u00e7a tem assolado a popula\u00e7\u00e3o e preocupado ainda mais os crist\u00e3os em rela\u00e7\u00e3o ao aumento da persegui\u00e7\u00e3o das minorias religiosas.<\/p>\n\n\n\n<p>A organiza\u00e7\u00e3o de vigil\u00e2ncia contra a persegui\u00e7\u00e3o religiosa,<em>\u00a0International Christian Concern (ICC),\u00a0<\/em>entrevistou a lideran\u00e7a de uma igreja afeg\u00e3 e compartilhou\u00a0no<em>\u00a0YouTube<\/em>\u00a0<strong>(veja abaixo),<\/strong>\u00a0parte da conversa sobre os perigos que os crist\u00e3os enfrentam no pa\u00eds e como o Talib\u00e3 &#8220;tem uma grande influ\u00eancia&#8221; contra as pessoas, em termos de obten\u00e7\u00e3o de informa\u00e7\u00f5es.<\/p>\n\n\n\n<figure class=\"wp-block-embed-youtube wp-block-embed is-type-video is-provider-youtube wp-embed-aspect-16-9 wp-has-aspect-ratio\"><div class=\"wp-block-embed__wrapper\">\n<iframe loading=\"lazy\" title=\"Afghanistan: The Taliban Takes Over, an Insider\u2019s View | Part 1\" width=\"630\" height=\"354\" src=\"https:\/\/www.youtube.com\/embed\/EC1dYAvBiRo?start=1&#038;feature=oembed\" frameborder=\"0\" allow=\"accelerometer; autoplay; clipboard-write; encrypted-media; gyroscope; picture-in-picture\" allowfullscreen><\/iframe>\n<\/div><\/figure>\n\n\n\n<p>O l\u00edder conta que na esperan\u00e7a de serem protegidos, muito afeg\u00e3os acabam entregando seus vizinhos, e at\u00e9 confessam que caso o Talib\u00e3 chegue at\u00e9 eles, ir\u00e3o contar tudo o que sabem para que sua fam\u00edlia seja poupada.&nbsp; Isso acontece at\u00e9 mesmo entre os familiares de crist\u00e3os.<\/p>\n\n\n\n<p>&#8220;O Talib\u00e3 chega na \u00e1rea da mesquita, pergunta quantos membros da casa fazem parte disso e eles pegam o nome de todas as pessoas que moram l\u00e1.&#8221;<\/p>\n\n\n\n<p>Em lugares como o norte do Afeganist\u00e3o, o Talib\u00e3 imp\u00f5e suas regras, como obrigar os homens a usarem barba, dentre outras. Caso algu\u00e9m desobede\u00e7a \u00e0s reivindica\u00e7\u00f5es dos militantes, pode ser morto.<\/p>\n\n\n\n<p>O l\u00edder da igreja acredita que &#8220;eles v\u00e3o matar alguns dos crist\u00e3os que s\u00e3o conhecidos e, dessa forma, querem espalhar o medo, e que n\u00e3o toleram nada contra isso&#8221;,<br>As mulheres e alde\u00f5es, provavelmente ser\u00e3o for\u00e7adas a se converter ao Isl\u00e3.<\/p>\n\n\n\n<p><strong>Vivendo pela ora\u00e7\u00e3o<\/strong><\/p>\n\n\n\n<p>O l\u00edder da igreja explicou que muitos crist\u00e3os est\u00e3o lidando com a crise por meio da ora\u00e7\u00e3o. &#8220;Definitivamente, confiamos no Senhor e oramos para que Ele poupe Seu povo&#8221;, disse ele.&nbsp;<\/p>\n\n\n\n<p>Em outra parte da entrevista&nbsp;<strong>(v\u00eddeo abaixo)<\/strong>, o l\u00edder diz que a igreja acredita em Deus, e como crist\u00e3os, eles sabem que h\u00e1 persegui\u00e7\u00e3o. &#8220;Todo crente de origem mu\u00e7ulmana, como eu, que se converteu ao cristianismo conhece as consequ\u00eancias da convers\u00e3o. O Isl\u00e3 \u00e9 muito claro, pois a apostasia \u00e9 a morte. E n\u00e3o h\u00e1 miseric\u00f3rdia nessas pessoas&#8221;, afirma.<\/p>\n\n\n\n<p>E acrescenta: &#8220;Deus tem um prop\u00f3sito e um plano. Ele sabe o que \u00e9 melhor para Seus filhos no Afeganist\u00e3o&#8221;.\u00a0<\/p>\n\n\n\n<figure class=\"wp-block-embed-youtube wp-block-embed is-type-video is-provider-youtube wp-embed-aspect-16-9 wp-has-aspect-ratio\"><div class=\"wp-block-embed__wrapper\">\n<iframe loading=\"lazy\" title=\"Afghanistan: The Taliban Takes Over, an Insider\u2019s View | Part 2\" width=\"630\" height=\"354\" src=\"https:\/\/www.youtube.com\/embed\/xoTk_eEeMvo?start=1&#038;feature=oembed\" frameborder=\"0\" allow=\"accelerometer; autoplay; clipboard-write; encrypted-media; gyroscope; picture-in-picture\" allowfullscreen><\/iframe>\n<\/div><\/figure>\n\n\n\n<p><br><\/p>\n","protected":false},"excerpt":{"rendered":"<p>Ap\u00f3s tomada de poder do Talib\u00e3 no Afeganist\u00e3o, o medo e a inseguran\u00e7a tem assolado a popula\u00e7\u00e3o e preocupado ainda mais os crist\u00e3os em rela\u00e7\u00e3o ao aumento da persegui\u00e7\u00e3o das minorias religiosas. A organiza\u00e7\u00e3o de vigil\u00e2ncia contra a persegui\u00e7\u00e3o religiosa,\u00a0International Christian Concern (ICC),\u00a0entrevistou a lideran\u00e7a de uma igreja afeg\u00e3 e compartilhou\u00a0no\u00a0YouTube\u00a0(veja abaixo),\u00a0parte da conversa sobre [&hellip;]<\/p>\n","protected":false},"author":2,"featured_media":9156,"comment_status":"open","ping_status":"open","sticky":false,"template":"","format":"standard","meta":[],"categories":[5,1],"tags":[],"_links":{"self":[{"href":"https:\/\/dgospel.com.br\/portal\/index.php\/wp-json\/wp\/v2\/posts\/9155"}],"collection":[{"href":"https:\/\/dgospel.com.br\/portal\/index.php\/wp-json\/wp\/v2\/posts"}],"about":[{"href":"https:\/\/dgospel.com.br\/portal\/index.php\/wp-json\/wp\/v2\/types\/post"}],"author":[{"embeddable":true,"href":"https:\/\/dgospel.com.br\/portal\/index.php\/wp-json\/wp\/v2\/users\/2"}],"replies":[{"embeddable":true,"href":"https:\/\/dgospel.com.br\/portal\/index.php\/wp-json\/wp\/v2\/comments?post=9155"}],"version-history":[{"count":1,"href":"https:\/\/dgospel.com.br\/portal\/index.php\/wp-json\/wp\/v2\/posts\/9155\/revisions"}],"predecessor-version":[{"id":9157,"href":"https:\/\/dgospel.com.br\/portal\/index.php\/wp-json\/wp\/v2\/posts\/9155\/revisions\/9157"}],"wp:featuredmedia":[{"embeddable":true,"href":"https:\/\/dgospel.com.br\/portal\/index.php\/wp-json\/wp\/v2\/media\/9156"}],"wp:attachment":[{"href":"https:\/\/dgospel.com.br\/portal\/index.php\/wp-json\/wp\/v2\/media?parent=9155"}],"wp:term":[{"taxonomy":"category","embeddable":true,"href":"https:\/\/dgospel.com.br\/portal\/index.php\/wp-json\/wp\/v2\/categories?post=9155"},{"taxonomy":"post_tag","embeddable":true,"href":"https:\/\/dgospel.com.br\/portal\/index.php\/wp-json\/wp\/v2\/tags?post=9155"}],"curies":[{"name":"wp","href":"https:\/\/api.w.org\/{rel}","templated":true}]}}