{"id":9158,"date":"2021-08-18T10:56:27","date_gmt":"2021-08-18T13:56:27","guid":{"rendered":"http:\/\/dgospel.com.br\/portal\/?p=9158"},"modified":"2021-08-18T10:56:29","modified_gmt":"2021-08-18T13:56:29","slug":"adolescentes-do-sistema-socioeducativo-de-palmas-retomam-aulas-de-cursos-profissionalizantes","status":"publish","type":"post","link":"https:\/\/dgospel.com.br\/portal\/index.php\/2021\/08\/18\/adolescentes-do-sistema-socioeducativo-de-palmas-retomam-aulas-de-cursos-profissionalizantes\/","title":{"rendered":"Adolescentes do Sistema Socioeducativo de Palmas retomam aulas de cursos profissionalizantes"},"content":{"rendered":"\n<p>Com foco na inicia\u00e7\u00e3o profissional de adolescentes em cumprimento de medida socioeducativa, nove adolescentes do Centro de Atendimento Socioeducativo (Case), de Palmas, e uma adolescente do Centro de Interna\u00e7\u00e3o Provis\u00f3ria Feminino (Ceip Feminino) de Palmas, administrados pela Secretaria de Estado da Cidadania e Justi\u00e7a (Seciju), retomaram, nesta ter\u00e7a-feira, 17, as aulas no curso profissionalizante de Montador e Reparador de Computadores, oferecido pelo Governo do Tocantins em parceria com o Senac e o Minist\u00e9rio P\u00fablico do Trabalho (MPT) do Tocantins.&nbsp;<\/p>\n\n\n\n<p>O curso faz parte do Projeto Nova Oportunidade, do Servi\u00e7o Nacional de Aprendizagem Comercial (Senac) que tem como proposta pedag\u00f3gica o desenvolvimento e valoriza\u00e7\u00e3o, profissional e pessoal, dos adolescentes. As aulas ser\u00e3o ministradas \u00e0s ter\u00e7as e quintas-feiras, no per\u00edodo matutino, e aos s\u00e1bados, no per\u00edodo integral.&nbsp;<\/p>\n\n\n\n<p>O chefe do Case, J\u00fanio C\u00e9sar, discorreu sobre a perspectiva desse rein\u00edcio do curso para os adolescentes em cumprimento de medida socioeducativa. \u201cOs cursos s\u00e3o uma oportunidade para desenvolver grandes profissionais aqui dentro, especialmente este na \u00e1rea de computa\u00e7\u00e3o, que \u00e9 expansiva, al\u00e9m de ser mais uma forma para eles buscarem novos horizontes. Ficamos gratos pelo apoio da Superintend\u00eancia e do nosso secret\u00e1rio [gestor da Seciju)] em oportunizar esses e outros cursos, muito bem aceitos pelos adolescentes que est\u00e3o empenhados e que por vezes n\u00e3o t\u00eam oportunidades l\u00e1 fora\u201d, frisa.<\/p>\n\n\n\n<p>A adolescente do Centro de Interna\u00e7\u00e3o Provis\u00f3ria Feminino (Ceip Feminino) de Palmas, F.V.F, 16 anos, \u00fanica mulher no curso, resumiu empolgada. \u201cMuito boa essa oportunidade para iniciar a vida da gente quando sair e j\u00e1 ter um planejamento para o futuro\u201d.<\/p>\n\n\n\n<p><strong>O curso<\/strong><\/p>\n\n\n\n<p>O instrutor do Senac, Denniego Ara\u00fajo de Sousa, explicou sobre a abordagem do curso. \u201cNeste m\u00f3dulo vamos trabalhar a reinser\u00e7\u00e3o dos jovens no mercado de trabalho ou at\u00e9 como empreendedores, com t\u00e9cnicas de princ\u00edpios b\u00e1sicos de apresenta\u00e7\u00e3o pessoal, postura profissional, elabora\u00e7\u00e3o de curr\u00edculo, como participar de sele\u00e7\u00f5es e projetos de vida, fator essencial para dar direcionamento ao que est\u00e1 sendo ministrado\u201d, sintetizou.&nbsp;<\/p>\n\n\n\n<p><strong>Novos cursos<\/strong><\/p>\n\n\n\n<p>Tr\u00eas novos cursos est\u00e3o previstos para iniciar, s\u00e3o eles: auxiliar de manuten\u00e7\u00e3o predial, ser\u00edgrafo e preparador de alimentos, com cargas hor\u00e1rias que variam de 60 a 245 horas\/aulas, tr\u00eas vezes por semana.&nbsp;<\/p>\n\n\n\n<p>A pedagoga do Case, Edivane de Souza Rabelo Rangel, que participou de toda a articula\u00e7\u00e3o com o Senac, falou sobre o objetivo de oferecer os cursos profissionalizantes. \u201cA ideia \u00e9 proporcionar aos adolescentes valoriza\u00e7\u00e3o e prepar\u00e1-los para trabalhar ap\u00f3s o cumprimento da medida socioeducativa\u201d, refor\u00e7ou.<\/p>\n","protected":false},"excerpt":{"rendered":"<p>Com foco na inicia\u00e7\u00e3o profissional de adolescentes em cumprimento de medida socioeducativa, nove adolescentes do Centro de Atendimento Socioeducativo (Case), de Palmas, e uma adolescente do Centro de Interna\u00e7\u00e3o Provis\u00f3ria Feminino (Ceip Feminino) de Palmas, administrados pela Secretaria de Estado da Cidadania e Justi\u00e7a (Seciju), retomaram, nesta ter\u00e7a-feira, 17, as aulas no curso profissionalizante de [&hellip;]<\/p>\n","protected":false},"author":2,"featured_media":9159,"comment_status":"open","ping_status":"open","sticky":false,"template":"","format":"standard","meta":[],"categories":[3],"tags":[13],"_links":{"self":[{"href":"https:\/\/dgospel.com.br\/portal\/index.php\/wp-json\/wp\/v2\/posts\/9158"}],"collection":[{"href":"https:\/\/dgospel.com.br\/portal\/index.php\/wp-json\/wp\/v2\/posts"}],"about":[{"href":"https:\/\/dgospel.com.br\/portal\/index.php\/wp-json\/wp\/v2\/types\/post"}],"author":[{"embeddable":true,"href":"https:\/\/dgospel.com.br\/portal\/index.php\/wp-json\/wp\/v2\/users\/2"}],"replies":[{"embeddable":true,"href":"https:\/\/dgospel.com.br\/portal\/index.php\/wp-json\/wp\/v2\/comments?post=9158"}],"version-history":[{"count":1,"href":"https:\/\/dgospel.com.br\/portal\/index.php\/wp-json\/wp\/v2\/posts\/9158\/revisions"}],"predecessor-version":[{"id":9160,"href":"https:\/\/dgospel.com.br\/portal\/index.php\/wp-json\/wp\/v2\/posts\/9158\/revisions\/9160"}],"wp:featuredmedia":[{"embeddable":true,"href":"https:\/\/dgospel.com.br\/portal\/index.php\/wp-json\/wp\/v2\/media\/9159"}],"wp:attachment":[{"href":"https:\/\/dgospel.com.br\/portal\/index.php\/wp-json\/wp\/v2\/media?parent=9158"}],"wp:term":[{"taxonomy":"category","embeddable":true,"href":"https:\/\/dgospel.com.br\/portal\/index.php\/wp-json\/wp\/v2\/categories?post=9158"},{"taxonomy":"post_tag","embeddable":true,"href":"https:\/\/dgospel.com.br\/portal\/index.php\/wp-json\/wp\/v2\/tags?post=9158"}],"curies":[{"name":"wp","href":"https:\/\/api.w.org\/{rel}","templated":true}]}}