{"id":9161,"date":"2021-08-18T10:59:16","date_gmt":"2021-08-18T13:59:16","guid":{"rendered":"http:\/\/dgospel.com.br\/portal\/?p=9161"},"modified":"2021-08-18T10:59:18","modified_gmt":"2021-08-18T13:59:18","slug":"tocantins-registra-primeiro-caso-de-covid-19-da-variante-delta","status":"publish","type":"post","link":"https:\/\/dgospel.com.br\/portal\/index.php\/2021\/08\/18\/tocantins-registra-primeiro-caso-de-covid-19-da-variante-delta\/","title":{"rendered":"Tocantins registra primeiro caso de covid-19 da variante Delta"},"content":{"rendered":"\n<p>A Secretaria de Estado da Sa\u00fade (SES) foi comunicada nesta ter\u00e7a-feira, 17, da confirma\u00e7\u00e3o do primeiro caso de covid-19, pela variante Delta, no Estado do Tocantins. A amostra sequenciada pela Funda\u00e7\u00e3o Oswaldo Cruz (Fiocruz) \u00e9 de um paciente de 36 anos, atendido na Unidade de Sa\u00fade da 503 Norte, no munic\u00edpio de Palmas, em julho deste ano.<\/p>\n\n\n\n<p>\u201cA amostra foi coletada e enviada para o Lacen [Laborat\u00f3rio Central de Sa\u00fade P\u00fablica do Tocantins] no dia 13 de julho. No dia 2, foi encaminhada para o sequenciamento gen\u00f4mico na Fiocruz, seguindo os crit\u00e9rios estabelecidos pelo CIEVS Nacional [Centro de Informa\u00e7\u00f5es Estrat\u00e9gicas e Resposta em Vigil\u00e2ncia em Sa\u00fade], e o Comit\u00ea Gestor de Recursos Laboratoriais\u201d, afirmou a superintendente de Vigil\u00e2ncia em Sa\u00fade da SES, Perciliana Bezerra.<\/p>\n\n\n\n<p>Ainda segundo a superintendente, os CIEVS &#8211; Estadual e Municipal &#8211; foram comunicados para procederem a uma investiga\u00e7\u00e3o cl\u00ednica\/epidemiol\u00f3gica do paciente. \u201cEstamos acompanhando a investiga\u00e7\u00e3o com o munic\u00edpio de Palmas, para que possamos saber se este paciente \u00e9 morador da Capital ou n\u00e3o, se veio a \u00f3bito, se houve contamina\u00e7\u00e3o comunit\u00e1ria e, at\u00e9 mesmo, se esta pessoa j\u00e1 havia tomado algum imunizante\u201d, acrescentou a superintendente.<\/p>\n\n\n\n<p>Dados do CIEVS Estadual apontam que s\u00e3o enviadas semanalmente, de tr\u00eas a quatro amostras, para sequenciamento na Fiocruz. \u201cSeguimos com os envios regulares, mas as an\u00e1lises ocorrem de acordo com as demandas que eles recebem de todo o pa\u00eds, por isso somente agora veio o resultado de uma coleta do m\u00eas de julho\u201d, explicou a diretora do Lacen, Jucim\u00e1ria Dantas.<\/p>\n\n\n\n<p>Ainda segundo a diretora, \u201cal\u00e9m das amostras enviadas \u00e0 Fiocruz, contamos com a parceria da UFT [Universidade Federal do Tocantins], no Projeto Corona-\u00d4mica BR [Rede Nacional de Genomas, Exoma e Transcriptoma de covid-19], no intuito de monitorar a dispers\u00e3o das muta\u00e7\u00f5es de variantes de aten\u00e7\u00e3o ou preocupa\u00e7\u00e3o no territ\u00f3rio, assim como o monitoramento do comportamento e impacto epidemiol\u00f3gico da doen\u00e7a\u201d, afirmou.<\/p>\n\n\n\n<p>Para o titular da SES, Edgar Tollini, a confirma\u00e7\u00e3o deste caso reafirma que a popula\u00e7\u00e3o deve continuar com as medidas de combate \u00e0 doen\u00e7a, bem com o uso das m\u00e1scaras, a higieniza\u00e7\u00e3o das m\u00e3os com o \u00e1lcool em gel, n\u00e3o aglomera\u00e7\u00e3o e a imuniza\u00e7\u00e3o de quem j\u00e1 est\u00e1 entre os grupos priorit\u00e1rios e receberam a 2\u00aa dose.&nbsp;<\/p>\n\n\n\n<p>\u201cSegundo estudos recentes, as vacinas s\u00e3o eficientes e protegem tamb\u00e9m contra a Delta, mas ela \u00e9 mais virulenta, ou seja, transmite mais r\u00e1pido e infecta mais pessoa\u201d, pontuou Edgar Tollini, acrescentando que, \u201cfizemos quest\u00e3o de manter o princ\u00edpio da transpar\u00eancia, comunicando a popula\u00e7\u00e3o sobre esta confirma\u00e7\u00e3o, mas n\u00e3o h\u00e1 motivos para desespero, pois a Gest\u00e3o Estadual est\u00e1 vigilante \u00e0 prolifera\u00e7\u00e3o de novas variantes e segue firme nas medidas de combate \u00e0 covid-19\u201d.<\/p>\n\n\n\n<p><strong>Variantes no Estado<\/strong><\/p>\n\n\n\n<p>At\u00e9 o momento, o Estado disp\u00f5e de 237 amostras sequenciadas, das quais 137 amostras, ou seja 57,80% dos genomas j\u00e1 sequenciados s\u00e3o atribu\u00eddos \u00e0 variante Gama (P.1) e uma identificada com a sequ\u00eancia gen\u00f4mica compat\u00edvel com a variante Delta (B.1.617.2.).<\/p>\n\n\n\n<p><strong>Variante Delta<\/strong><\/p>\n\n\n\n<p>Com in\u00edcio de dissemina\u00e7\u00e3o em fevereiro deste ano, na \u00cdndia, a variante Delta, j\u00e1 chegou em aproximadamente 100 pa\u00edses, conforme dados da Organiza\u00e7\u00e3o Mundial da Sa\u00fade (OMS). No Brasil, ela j\u00e1 foi confirmada em 14 estados, incluindo o Tocantins.<\/p>\n\n\n\n<p>Segundo especialistas, os sintomas da infec\u00e7\u00e3o pela Delta s\u00e3o bem parecidos com os de um resfriado comum, como dores de cabe\u00e7a, dores de garganta, tosse, febre, nariz escorrendo, mal-estar e dor muscular.<\/p>\n\n\n\n<figure class=\"wp-block-image\"><img src=\"https:\/\/central.to.gov.br\/image\/256219?w=565&amp;h=349\" alt=\"\"\/><\/figure>\n\n\n\n<p>Perciliana Bezerra destaca investiga\u00e7\u00e3o cl\u00ednica a ser feita a respeito do paciente &#8211; Andr\u00e9 Ara\u00fajo\/Governo do Tocantins<\/p>\n\n\n\n<figure class=\"wp-block-image\"><img src=\"https:\/\/central.to.gov.br\/image\/256217?w=565&amp;h=349\" alt=\"\"\/><\/figure>\n\n\n\n<p>Tocantins registra primeiro caso da variante Delta &#8211; SES\/Governo do Tocantins\n\n<\/p>\n","protected":false},"excerpt":{"rendered":"<p>A Secretaria de Estado da Sa\u00fade (SES) foi comunicada nesta ter\u00e7a-feira, 17, da confirma\u00e7\u00e3o do primeiro caso de covid-19, pela variante Delta, no Estado do Tocantins. A amostra sequenciada pela Funda\u00e7\u00e3o Oswaldo Cruz (Fiocruz) \u00e9 de um paciente de 36 anos, atendido na Unidade de Sa\u00fade da 503 Norte, no munic\u00edpio de Palmas, em julho [&hellip;]<\/p>\n","protected":false},"author":2,"featured_media":9162,"comment_status":"open","ping_status":"open","sticky":false,"template":"","format":"standard","meta":[],"categories":[3],"tags":[13],"_links":{"self":[{"href":"https:\/\/dgospel.com.br\/portal\/index.php\/wp-json\/wp\/v2\/posts\/9161"}],"collection":[{"href":"https:\/\/dgospel.com.br\/portal\/index.php\/wp-json\/wp\/v2\/posts"}],"about":[{"href":"https:\/\/dgospel.com.br\/portal\/index.php\/wp-json\/wp\/v2\/types\/post"}],"author":[{"embeddable":true,"href":"https:\/\/dgospel.com.br\/portal\/index.php\/wp-json\/wp\/v2\/users\/2"}],"replies":[{"embeddable":true,"href":"https:\/\/dgospel.com.br\/portal\/index.php\/wp-json\/wp\/v2\/comments?post=9161"}],"version-history":[{"count":1,"href":"https:\/\/dgospel.com.br\/portal\/index.php\/wp-json\/wp\/v2\/posts\/9161\/revisions"}],"predecessor-version":[{"id":9163,"href":"https:\/\/dgospel.com.br\/portal\/index.php\/wp-json\/wp\/v2\/posts\/9161\/revisions\/9163"}],"wp:featuredmedia":[{"embeddable":true,"href":"https:\/\/dgospel.com.br\/portal\/index.php\/wp-json\/wp\/v2\/media\/9162"}],"wp:attachment":[{"href":"https:\/\/dgospel.com.br\/portal\/index.php\/wp-json\/wp\/v2\/media?parent=9161"}],"wp:term":[{"taxonomy":"category","embeddable":true,"href":"https:\/\/dgospel.com.br\/portal\/index.php\/wp-json\/wp\/v2\/categories?post=9161"},{"taxonomy":"post_tag","embeddable":true,"href":"https:\/\/dgospel.com.br\/portal\/index.php\/wp-json\/wp\/v2\/tags?post=9161"}],"curies":[{"name":"wp","href":"https:\/\/api.w.org\/{rel}","templated":true}]}}