{"id":9164,"date":"2021-08-18T12:05:33","date_gmt":"2021-08-18T15:05:33","guid":{"rendered":"http:\/\/dgospel.com.br\/portal\/?p=9164"},"modified":"2021-08-18T12:05:35","modified_gmt":"2021-08-18T15:05:35","slug":"governo-do-tocantins-inicia-distribuicao-de-134-mil-doses-de-vacinas-contra-a-covid-19-nesta-quarta-18","status":"publish","type":"post","link":"https:\/\/dgospel.com.br\/portal\/index.php\/2021\/08\/18\/governo-do-tocantins-inicia-distribuicao-de-134-mil-doses-de-vacinas-contra-a-covid-19-nesta-quarta-18\/","title":{"rendered":"Governo do Tocantins inicia distribui\u00e7\u00e3o de 134 mil doses de vacinas contra a covid-19 nesta quarta, 18"},"content":{"rendered":"\n<p>O Governo do Tocantins, por meio da Secretaria de Estado da Sa\u00fade (SES), inicia uma grande distribui\u00e7\u00e3o de vacinas contra a covid-19 para os munic\u00edpios tocantinenses nesta quarta-feira, 18. Ao todo, s\u00e3o 133.074 doses, sendo 100.084 da vacina Pfizer e CoronaVac e 32.990 da vacina AstraZeneca.<\/p>\n\n\n\n<p>Os imunizantes da Pfizer e CoronaVac ser\u00e3o destinados para aplica\u00e7\u00e3o em primeira dose. J\u00e1 as doses da AstraZeneca fechar\u00e3o o ciclo vacinal da popula\u00e7\u00e3o com a aplica\u00e7\u00e3o da segunda dose. Ambas ser\u00e3o destinadas para o p\u00fablico em geral.<\/p>\n\n\n\n<p>\u201cEstamos seguindo a orienta\u00e7\u00e3o do Minist\u00e9rio da Sa\u00fade (MS), que orienta que as doses de vacinas contra a covid-19 devem ser destinadas para o p\u00fablico em geral, ampliando assim a campanha de vacina\u00e7\u00e3o\u201d, explicou a Superintendente de Vigil\u00e2ncia em Sa\u00fade, Perciliana Bezerra.<\/p>\n\n\n\n<p><strong>Avan\u00e7o<\/strong><\/p>\n\n\n\n<p>At\u00e9 esta quarta-feira, 18, o Minist\u00e9rio da Sa\u00fade enviou ao Tocantins 1.412.800 doses de vacinas contra a covid-19, sendo que 1.033.646 j\u00e1 foram aplicadas. O Estado j\u00e1 possui 18,44% de sua popula\u00e7\u00e3o com a imuniza\u00e7\u00e3o completa, seja com duas doses ou dose \u00fanica.<\/p>\n\n\n\n<p>\u201cCom o empenho do Minist\u00e9rio da Sa\u00fade e a frequ\u00eancia do envio de doses, estamos garantindo a imuniza\u00e7\u00e3o da popula\u00e7\u00e3o e avan\u00e7ando no combate ao v\u00edrus. Este \u00e9 um momento importante\u201d, afirmou o secret\u00e1rio de Estado da Sa\u00fade, Edgar Tollini.<\/p>\n","protected":false},"excerpt":{"rendered":"<p>O Governo do Tocantins, por meio da Secretaria de Estado da Sa\u00fade (SES), inicia uma grande distribui\u00e7\u00e3o de vacinas contra a covid-19 para os munic\u00edpios tocantinenses nesta quarta-feira, 18. Ao todo, s\u00e3o 133.074 doses, sendo 100.084 da vacina Pfizer e CoronaVac e 32.990 da vacina AstraZeneca. Os imunizantes da Pfizer e CoronaVac ser\u00e3o destinados para [&hellip;]<\/p>\n","protected":false},"author":2,"featured_media":9165,"comment_status":"open","ping_status":"open","sticky":false,"template":"","format":"standard","meta":[],"categories":[3],"tags":[],"_links":{"self":[{"href":"https:\/\/dgospel.com.br\/portal\/index.php\/wp-json\/wp\/v2\/posts\/9164"}],"collection":[{"href":"https:\/\/dgospel.com.br\/portal\/index.php\/wp-json\/wp\/v2\/posts"}],"about":[{"href":"https:\/\/dgospel.com.br\/portal\/index.php\/wp-json\/wp\/v2\/types\/post"}],"author":[{"embeddable":true,"href":"https:\/\/dgospel.com.br\/portal\/index.php\/wp-json\/wp\/v2\/users\/2"}],"replies":[{"embeddable":true,"href":"https:\/\/dgospel.com.br\/portal\/index.php\/wp-json\/wp\/v2\/comments?post=9164"}],"version-history":[{"count":1,"href":"https:\/\/dgospel.com.br\/portal\/index.php\/wp-json\/wp\/v2\/posts\/9164\/revisions"}],"predecessor-version":[{"id":9166,"href":"https:\/\/dgospel.com.br\/portal\/index.php\/wp-json\/wp\/v2\/posts\/9164\/revisions\/9166"}],"wp:featuredmedia":[{"embeddable":true,"href":"https:\/\/dgospel.com.br\/portal\/index.php\/wp-json\/wp\/v2\/media\/9165"}],"wp:attachment":[{"href":"https:\/\/dgospel.com.br\/portal\/index.php\/wp-json\/wp\/v2\/media?parent=9164"}],"wp:term":[{"taxonomy":"category","embeddable":true,"href":"https:\/\/dgospel.com.br\/portal\/index.php\/wp-json\/wp\/v2\/categories?post=9164"},{"taxonomy":"post_tag","embeddable":true,"href":"https:\/\/dgospel.com.br\/portal\/index.php\/wp-json\/wp\/v2\/tags?post=9164"}],"curies":[{"name":"wp","href":"https:\/\/api.w.org\/{rel}","templated":true}]}}