{"id":9173,"date":"2021-08-19T08:57:02","date_gmt":"2021-08-19T11:57:02","guid":{"rendered":"http:\/\/dgospel.com.br\/portal\/?p=9173"},"modified":"2021-08-19T08:57:04","modified_gmt":"2021-08-19T11:57:04","slug":"lucio-campelo-assume-cadeira-na-camara-de-palmas","status":"publish","type":"post","link":"https:\/\/dgospel.com.br\/portal\/index.php\/2021\/08\/19\/lucio-campelo-assume-cadeira-na-camara-de-palmas\/","title":{"rendered":"L\u00facio Campelo assume cadeira na C\u00e2mara de Palmas"},"content":{"rendered":"\n<p>\n\nO suplente de vereador L\u00facio Campelo (MDB) retornou \u00e0s suas atividades parlamentares na C\u00e2mara de Palmas nesta quarta, 18, substituindo o vereador Rog\u00e9rio Freitas (MDB) que tirou licen\u00e7a m\u00e9dica de 121 dias. L\u00facio, que passou por 3 mandatos na Casa de Leis demonstrou sua emo\u00e7\u00e3o, principalmente depois de ser v\u00edtima em situa\u00e7\u00e3o grave da Covid-19.<\/p>\n\n\n\n<p>J\u00e1 em seu primeiro pronunciamento, o parlamentar agradeceu a Deus, fam\u00edlia, colegas e eleitores e demonstrou seu apoio ao Governo Cinthia Ribeiro (PSDB), elogiando a atua\u00e7\u00e3o da Prefeita por suas obras em diversos pontos da cidade, sobretudo no Taquari.<\/p>\n\n\n\n<p>Sobre seu retorno, Campelo ressaltou que Deus o tirou da boca do le\u00e3o e que seu renascimento vem com a responsabilidade de trabalhar ainda mais pela comunidade palmense.\n\n<\/p>\n","protected":false},"excerpt":{"rendered":"<p>O suplente de vereador L\u00facio Campelo (MDB) retornou \u00e0s suas atividades parlamentares na C\u00e2mara de Palmas nesta quarta, 18, substituindo o vereador Rog\u00e9rio Freitas (MDB) que tirou licen\u00e7a m\u00e9dica de 121 dias. L\u00facio, que passou por 3 mandatos na Casa de Leis demonstrou sua emo\u00e7\u00e3o, principalmente depois de ser v\u00edtima em situa\u00e7\u00e3o grave da Covid-19. [&hellip;]<\/p>\n","protected":false},"author":2,"featured_media":9174,"comment_status":"open","ping_status":"open","sticky":false,"template":"","format":"standard","meta":[],"categories":[8],"tags":[],"_links":{"self":[{"href":"https:\/\/dgospel.com.br\/portal\/index.php\/wp-json\/wp\/v2\/posts\/9173"}],"collection":[{"href":"https:\/\/dgospel.com.br\/portal\/index.php\/wp-json\/wp\/v2\/posts"}],"about":[{"href":"https:\/\/dgospel.com.br\/portal\/index.php\/wp-json\/wp\/v2\/types\/post"}],"author":[{"embeddable":true,"href":"https:\/\/dgospel.com.br\/portal\/index.php\/wp-json\/wp\/v2\/users\/2"}],"replies":[{"embeddable":true,"href":"https:\/\/dgospel.com.br\/portal\/index.php\/wp-json\/wp\/v2\/comments?post=9173"}],"version-history":[{"count":1,"href":"https:\/\/dgospel.com.br\/portal\/index.php\/wp-json\/wp\/v2\/posts\/9173\/revisions"}],"predecessor-version":[{"id":9175,"href":"https:\/\/dgospel.com.br\/portal\/index.php\/wp-json\/wp\/v2\/posts\/9173\/revisions\/9175"}],"wp:featuredmedia":[{"embeddable":true,"href":"https:\/\/dgospel.com.br\/portal\/index.php\/wp-json\/wp\/v2\/media\/9174"}],"wp:attachment":[{"href":"https:\/\/dgospel.com.br\/portal\/index.php\/wp-json\/wp\/v2\/media?parent=9173"}],"wp:term":[{"taxonomy":"category","embeddable":true,"href":"https:\/\/dgospel.com.br\/portal\/index.php\/wp-json\/wp\/v2\/categories?post=9173"},{"taxonomy":"post_tag","embeddable":true,"href":"https:\/\/dgospel.com.br\/portal\/index.php\/wp-json\/wp\/v2\/tags?post=9173"}],"curies":[{"name":"wp","href":"https:\/\/api.w.org\/{rel}","templated":true}]}}