{"id":9185,"date":"2021-08-19T11:54:50","date_gmt":"2021-08-19T14:54:50","guid":{"rendered":"http:\/\/dgospel.com.br\/portal\/?p=9185"},"modified":"2021-08-19T11:54:52","modified_gmt":"2021-08-19T14:54:52","slug":"deus-se-fara-mais-presente-naquela-instituicao-diz-bolsonaro-sobre-mendonca-no-stf","status":"publish","type":"post","link":"https:\/\/dgospel.com.br\/portal\/index.php\/2021\/08\/19\/deus-se-fara-mais-presente-naquela-instituicao-diz-bolsonaro-sobre-mendonca-no-stf\/","title":{"rendered":"\u201cDeus se far\u00e1 mais presente naquela institui\u00e7\u00e3o\u201d, diz Bolsonaro sobre Mendon\u00e7a no STF"},"content":{"rendered":"\n<p>O presidente Jair Bolsonaro participou na tarde de quarta-feira (18) de uma cerim\u00f4nia alusiva ao centen\u00e1rio da Conven\u00e7\u00e3o Interestadual de Ministros e Igrejas Evang\u00e9licas Assembleias de Deus no Estado do Par\u00e1 (Comieadepa) em Ananindeua, na regi\u00e3o metropolitana de Bel\u00e9m.<\/p>\n\n\n\n<p>Na ocasi\u00e3o, Bolsonaro voltou a afirmar que, caso a\u00a0<a href=\"https:\/\/guiame.com.br\/gospel\/noticias\/bolsonaro-confirma-ministros-indicacao-de-andre-mendonca-ao-stf.html\"><strong>indica\u00e7\u00e3o de Andr\u00e9 Mendon\u00e7a<\/strong><\/a>\u00a0para o Supremo Tribunal Federal (STF) seja aprovada pelo Senado, as\u00a0<a href=\"https:\/\/guiame.com.br\/gospel\/noticias\/em-visita-ao-stf-bolsonaro-diz-que-pediu-oracao-uma-vez-por-semana-na-corte.html\"><strong>sess\u00f5es ser\u00e3o iniciadas com momentos de ora\u00e7\u00e3o<\/strong><\/a>.<\/p>\n\n\n\n<p>\u201cTenho conversado muito com o pastor Andr\u00e9 Mendon\u00e7a, porque a vida dele tamb\u00e9m vai mudar, as suas responsabilidades ser\u00e3o majoradas. Decis\u00f5es dif\u00edceis ele tomar\u00e1 tamb\u00e9m. Mas fiz um pedido pra ele. Ou melhor, uma miss\u00e3o eu dei pra ele, e ele se comprometeu que ir\u00e1 cumprir. Toda primeira sess\u00e3o da semana, no STF, ele pedir\u00e1 a palavra e iniciar\u00e3o os trabalhos ap\u00f3s uma ora\u00e7\u00e3o\u201d, disse o presidente.<\/p>\n\n\n\n<p>\u201cPodem ter certeza, Deus se far\u00e1 mais presente naquela institui\u00e7\u00e3o, onde entra a palavra de Deus entra harmonia, entra a paz, entra a prosperidade. Em 2023, quem, porventura, for eleito presidente em 22, indicar\u00e1 no primeiro semestre mais dois integrantes para aquela Corte. Tenho certeza de que n\u00f3s vamos mudando o Brasil\u201d, acrescentou.<\/p>\n\n\n\n<figure class=\"wp-block-image\"><img src=\"https:\/\/thumbor.guiame.com.br\/unsafe\/smart\/https:\/\/media.guiame.com.br\/archives\/2021\/08\/19\/2782783750-.jpg\" alt=\"\"\/><\/figure>\n\n\n\n<p><br><sup>Jair Bolsonaro na cerim\u00f4nia alusiva ao Centen\u00e1rio da Conven\u00e7\u00e3o de Ministros e Igrejas Assembl\u00e9ia de Deus no Par\u00e1. (Foto: Isac N\u00f3brega\/PR)<\/sup><\/p>\n\n\n\n<p>A indica\u00e7\u00e3o de Mendon\u00e7a, que \u00e9 atualmente advogado-geral da Uni\u00e3o (AGU), foi formalizada no Di\u00e1rio Oficial da Uni\u00e3o em julho, cumprindo a promessa de Bolsonaro de colocar um jurista evang\u00e9lico na mais alta Corte do pa\u00eds.<\/p>\n\n\n\n<p>Mendon\u00e7a, de 46 anos, \u00e9 pastor presbiteriano e se destacou por sua atua\u00e7\u00e3o \u00e0 frente da AGU e do Minist\u00e9rio da Justi\u00e7a e da Seguran\u00e7a P\u00fablica, pasta que comandou por quase um ano, ap\u00f3s a sa\u00edda de Sergio Moro.<\/p>\n\n\n\n<p>Ele \u00e9 formado pela Faculdade de Direito de Bauru (SP), doutor em estado de direito e governan\u00e7a global, mestre em estrat\u00e9gias anticorrup\u00e7\u00e3o e pol\u00edticas de integridade pela Universidade de Salamanca, na Espanha e p\u00f3s-graduado em direito p\u00fablico pela Universidade de Bras\u00edlia (UnB).<\/p>\n\n\n\n<p>Mendon\u00e7a chegou a ser elogiado por ministros do STF quando foi nomeado ministro da Justi\u00e7a e Seguran\u00e7a P\u00fablica. \u201cO Dr. Andr\u00e9 Mendon\u00e7a teve um desempenho admir\u00e1vel na Advocacia-Geral da Uni\u00e3o. \u00cdntegro, elegante e preparado. Desejo a ele toda sorte na nova miss\u00e3o\u201d, declarou o ministro Lu\u00eds Roberto Barroso na \u00e9poca.<\/p>\n","protected":false},"excerpt":{"rendered":"<p>O presidente Jair Bolsonaro participou na tarde de quarta-feira (18) de uma cerim\u00f4nia alusiva ao centen\u00e1rio da Conven\u00e7\u00e3o Interestadual de Ministros e Igrejas Evang\u00e9licas Assembleias de Deus no Estado do Par\u00e1 (Comieadepa) em Ananindeua, na regi\u00e3o metropolitana de Bel\u00e9m. Na ocasi\u00e3o, Bolsonaro voltou a afirmar que, caso a\u00a0indica\u00e7\u00e3o de Andr\u00e9 Mendon\u00e7a\u00a0para o Supremo Tribunal Federal [&hellip;]<\/p>\n","protected":false},"author":2,"featured_media":9186,"comment_status":"open","ping_status":"open","sticky":false,"template":"","format":"standard","meta":[],"categories":[4],"tags":[14],"_links":{"self":[{"href":"https:\/\/dgospel.com.br\/portal\/index.php\/wp-json\/wp\/v2\/posts\/9185"}],"collection":[{"href":"https:\/\/dgospel.com.br\/portal\/index.php\/wp-json\/wp\/v2\/posts"}],"about":[{"href":"https:\/\/dgospel.com.br\/portal\/index.php\/wp-json\/wp\/v2\/types\/post"}],"author":[{"embeddable":true,"href":"https:\/\/dgospel.com.br\/portal\/index.php\/wp-json\/wp\/v2\/users\/2"}],"replies":[{"embeddable":true,"href":"https:\/\/dgospel.com.br\/portal\/index.php\/wp-json\/wp\/v2\/comments?post=9185"}],"version-history":[{"count":1,"href":"https:\/\/dgospel.com.br\/portal\/index.php\/wp-json\/wp\/v2\/posts\/9185\/revisions"}],"predecessor-version":[{"id":9187,"href":"https:\/\/dgospel.com.br\/portal\/index.php\/wp-json\/wp\/v2\/posts\/9185\/revisions\/9187"}],"wp:featuredmedia":[{"embeddable":true,"href":"https:\/\/dgospel.com.br\/portal\/index.php\/wp-json\/wp\/v2\/media\/9186"}],"wp:attachment":[{"href":"https:\/\/dgospel.com.br\/portal\/index.php\/wp-json\/wp\/v2\/media?parent=9185"}],"wp:term":[{"taxonomy":"category","embeddable":true,"href":"https:\/\/dgospel.com.br\/portal\/index.php\/wp-json\/wp\/v2\/categories?post=9185"},{"taxonomy":"post_tag","embeddable":true,"href":"https:\/\/dgospel.com.br\/portal\/index.php\/wp-json\/wp\/v2\/tags?post=9185"}],"curies":[{"name":"wp","href":"https:\/\/api.w.org\/{rel}","templated":true}]}}