{"id":9189,"date":"2021-08-19T11:58:32","date_gmt":"2021-08-19T14:58:32","guid":{"rendered":"http:\/\/dgospel.com.br\/portal\/?p=9189"},"modified":"2021-08-19T11:58:33","modified_gmt":"2021-08-19T14:58:33","slug":"wanderlei-barbosa-representa-o-tocantins-no-forum-nacional-de-vice-governadores-do-brasil","status":"publish","type":"post","link":"https:\/\/dgospel.com.br\/portal\/index.php\/2021\/08\/19\/wanderlei-barbosa-representa-o-tocantins-no-forum-nacional-de-vice-governadores-do-brasil\/","title":{"rendered":"Wanderlei Barbosa representa o Tocantins no F\u00f3rum Nacional de Vice-Governadores do Brasil"},"content":{"rendered":"\n<p>O vice-governador do Tocantins, Wanderlei Barbosa, participou nesta quarta-feira, 18, do F\u00f3rum Nacional dos Vice-Governadores do Brasil, por meio de videoconfer\u00eancia. Os temas do encontro giraram em torno da reforma tribut\u00e1ria nos estados, do processo de volta \u00e0s aulas e das a\u00e7\u00f5es de vacina\u00e7\u00e3o em conjunto com o Minist\u00e9rio da Sa\u00fade (MS).<\/p>\n\n\n\n<p>Durante o encontro, o secret\u00e1rio executivo adjunto do Minist\u00e9rio da Educa\u00e7\u00e3o, Jos\u00e9 Castro Barreto, explanou as a\u00e7\u00f5es de apoio que o \u00f3rg\u00e3o tem oferecido aos estados e aos munic\u00edpios para o retorno \u00e0s aulas presenciais em formato h\u00edbrido, com orienta\u00e7\u00f5es que visam garantir a seguran\u00e7a da comunidade escolar e favorecer o desempenho dos alunos.<\/p>\n\n\n\n<p>O vice-governador Wanderlei Barbosa destacou o plano de a\u00e7\u00f5es decretado pelo Governo do Tocantins para o retorno \u00e0s aulas com seguran\u00e7a, enfatizando a parceria com os munic\u00edpios. \u201cO Estado baixou o decreto de retorno, fez todo o procedimento de legalidade para isso, mas, claro, n\u00f3s temos que respeitar tamb\u00e9m as situa\u00e7\u00f5es dos munic\u00edpios e temos feito isso\u201d, ponderou.<\/p>\n\n\n\n<p>Wanderlei Barbosa ressaltou a import\u00e2ncia de o tema do retorno \u00e0s aulas ser debatido no F\u00f3rum Nacional dos Vice-Governadores do Brasil. \u201cEu vejo esse nosso encontro de maneira bastante satisfat\u00f3ria. Fico feliz pela pauta que foi constru\u00edda. Aqui no Tocantins, temos feito todo o poss\u00edvel para dar essa seguran\u00e7a, n\u00e3o queremos retornar \u00e0s aulas se n\u00e3o tiver todos os cidad\u00e3os tocantinenses seguros desse nosso retorno\u201d, refor\u00e7ou.<\/p>\n\n\n\n<p>O plano de vacina\u00e7\u00e3o contra a covid-19 e o programa de testagem em massa tamb\u00e9m foram debatidos no encontro. As estrat\u00e9gias foram apresentadas pelo representante da Secretaria Especial de Combate \u00e0 Covid do Minist\u00e9rio da Sa\u00fade, Henrique Marconi. Ele ressaltou que o Brasil atingiu uma grande cobertura de primeira dose e, agora, ir\u00e1 acelerar a aplica\u00e7\u00e3o da segunda dose das vacinas.<\/p>\n\n\n\n<p>Sobre essa pauta, Wanderlei Barbosa dividiu experi\u00eancias no gerenciamento da pandemia e a log\u00edstica de imuniza\u00e7\u00e3o no Tocantins. O vice-governador foi acompanhado pela superintendente de Educa\u00e7\u00e3o B\u00e1sica da Secretaria de Estado da Educa\u00e7\u00e3o, Juventude e Esportes, Markes Cristiane Oliveira.<\/p>\n\n\n\n<p>A reuni\u00e3o do F\u00f3rum Nacional de Vice-Governadores do Brasil foi mediada por Victor Borges, que destacou a participa\u00e7\u00e3o das vice-governadoras e vice-governadores em temas t\u00e3o vitais para a sociedade. O pr\u00f3ximo encontro acontecer\u00e1 no m\u00eas de setembro.<\/p>\n\n\n\n<figure class=\"wp-block-image\"><img src=\"https:\/\/central.to.gov.br\/image\/256574?w=565&amp;h=349\" alt=\"\"\/><\/figure>\n\n\n\n<p>O vice-governador Wanderlei Barbosa foi acompanhado pela superintendente de Educa\u00e7\u00e3o B\u00e1sica da Secretaria de Estado da Educa\u00e7\u00e3o, Juventude e Esportes, Markes Cristiane Oliveira &#8211; Elis\u00e2ngela Silva\/Governo do Tocantins<a href=\"javascript:\"><em>keyboard_arrow_up<\/em><\/a><br><\/p>\n","protected":false},"excerpt":{"rendered":"<p>O vice-governador do Tocantins, Wanderlei Barbosa, participou nesta quarta-feira, 18, do F\u00f3rum Nacional dos Vice-Governadores do Brasil, por meio de videoconfer\u00eancia. Os temas do encontro giraram em torno da reforma tribut\u00e1ria nos estados, do processo de volta \u00e0s aulas e das a\u00e7\u00f5es de vacina\u00e7\u00e3o em conjunto com o Minist\u00e9rio da Sa\u00fade (MS). Durante o encontro, [&hellip;]<\/p>\n","protected":false},"author":2,"featured_media":9190,"comment_status":"open","ping_status":"open","sticky":false,"template":"","format":"standard","meta":[],"categories":[3],"tags":[13],"_links":{"self":[{"href":"https:\/\/dgospel.com.br\/portal\/index.php\/wp-json\/wp\/v2\/posts\/9189"}],"collection":[{"href":"https:\/\/dgospel.com.br\/portal\/index.php\/wp-json\/wp\/v2\/posts"}],"about":[{"href":"https:\/\/dgospel.com.br\/portal\/index.php\/wp-json\/wp\/v2\/types\/post"}],"author":[{"embeddable":true,"href":"https:\/\/dgospel.com.br\/portal\/index.php\/wp-json\/wp\/v2\/users\/2"}],"replies":[{"embeddable":true,"href":"https:\/\/dgospel.com.br\/portal\/index.php\/wp-json\/wp\/v2\/comments?post=9189"}],"version-history":[{"count":1,"href":"https:\/\/dgospel.com.br\/portal\/index.php\/wp-json\/wp\/v2\/posts\/9189\/revisions"}],"predecessor-version":[{"id":9191,"href":"https:\/\/dgospel.com.br\/portal\/index.php\/wp-json\/wp\/v2\/posts\/9189\/revisions\/9191"}],"wp:featuredmedia":[{"embeddable":true,"href":"https:\/\/dgospel.com.br\/portal\/index.php\/wp-json\/wp\/v2\/media\/9190"}],"wp:attachment":[{"href":"https:\/\/dgospel.com.br\/portal\/index.php\/wp-json\/wp\/v2\/media?parent=9189"}],"wp:term":[{"taxonomy":"category","embeddable":true,"href":"https:\/\/dgospel.com.br\/portal\/index.php\/wp-json\/wp\/v2\/categories?post=9189"},{"taxonomy":"post_tag","embeddable":true,"href":"https:\/\/dgospel.com.br\/portal\/index.php\/wp-json\/wp\/v2\/tags?post=9189"}],"curies":[{"name":"wp","href":"https:\/\/api.w.org\/{rel}","templated":true}]}}