{"id":9192,"date":"2021-08-19T15:59:14","date_gmt":"2021-08-19T18:59:14","guid":{"rendered":"http:\/\/dgospel.com.br\/portal\/?p=9192"},"modified":"2021-08-19T15:59:16","modified_gmt":"2021-08-19T18:59:16","slug":"governo-do-para-assina-decreto-que-torna-a-comieadepa-patrimonio-do-estado","status":"publish","type":"post","link":"https:\/\/dgospel.com.br\/portal\/index.php\/2021\/08\/19\/governo-do-para-assina-decreto-que-torna-a-comieadepa-patrimonio-do-estado\/","title":{"rendered":"Governo do Par\u00e1 assina decreto que torna a COMIEADEPA patrim\u00f4nio do Estado"},"content":{"rendered":"\n<p>Durante o culto de abertura da celebra\u00e7\u00e3o do<em>&nbsp;Centen\u00e1rio da Conven\u00e7\u00e3o das Assembleias de Deus no Estado do Par\u00e1,<\/em>&nbsp;ocorrido na \u00faltima ter\u00e7a-feira (17), em Bel\u00e9m (PA), o governador do estado, Helder Barbalho assinou o projeto de lei 9.294 de 17 de agosto de 2021, que torna a<em>&nbsp;COMIEADEPA&nbsp;<\/em>patrim\u00f4nio Cultural e Imaterial do Estado.<\/p>\n\n\n\n<p>Aprovada por unanimidade na&nbsp;<em>Assembleia Legislativa (ALEPA)<\/em>&nbsp;na mesma data em que foi promulgada, a Lei foi recebida com grande festa pela lideran\u00e7a e membros da denomina\u00e7\u00e3o que estavam reunidos no centro de conven\u00e7\u00f5es pastor Francisco Alves Ribeiro.<\/p>\n\n\n\n<p>Em seu artigo 2\u00ba a Lei afirma o seguinte \u201cA declara\u00e7\u00e3o de que trata esta lei tem em vista que a institui\u00e7\u00e3o religiosa referida no artigo 1\u00ba foi a primeira Conven\u00e7\u00e3o de Ministros Evang\u00e9licos e Igrejas Origin\u00e1rias da Assembleia de Deus, a maior denomina\u00e7\u00e3o pentecostal do mundo, e que, ao longo de sua hist\u00f3ria, vem construindo um legado proeminente para vida cultural paraense\u201d.<\/p>\n\n\n\n<p>Pastor Gilberto Marques presidente da&nbsp;<em>COMIEADEPA<\/em>&nbsp;recebeu o reconhecimento do Governo do Par\u00e1 juntamente com o pastor Jos\u00e9 Wellington Costa J\u00fanior presidente da CGADB.<\/p>\n\n\n\n<figure class=\"wp-block-image\"><img src=\"http:\/\/arquivos.editoracpad.com.br\/uploads\/2021\/08\/19\/comieadepa2.jpg\" alt=\"\"\/><\/figure>\n\n\n\n<figure class=\"wp-block-image\"><img src=\"http:\/\/arquivos.editoracpad.com.br\/uploads\/2021\/08\/19\/comieadepa3.jpg\" alt=\"\"\/><\/figure>\n\n\n\n<figure class=\"wp-block-image\"><img src=\"http:\/\/arquivos.editoracpad.com.br\/uploads\/2021\/08\/19\/comieadepa4.jpg\" alt=\"\"\/><\/figure>\n","protected":false},"excerpt":{"rendered":"<p>Durante o culto de abertura da celebra\u00e7\u00e3o do&nbsp;Centen\u00e1rio da Conven\u00e7\u00e3o das Assembleias de Deus no Estado do Par\u00e1,&nbsp;ocorrido na \u00faltima ter\u00e7a-feira (17), em Bel\u00e9m (PA), o governador do estado, Helder Barbalho assinou o projeto de lei 9.294 de 17 de agosto de 2021, que torna a&nbsp;COMIEADEPA&nbsp;patrim\u00f4nio Cultural e Imaterial do Estado. Aprovada por unanimidade na&nbsp;Assembleia [&hellip;]<\/p>\n","protected":false},"author":2,"featured_media":9193,"comment_status":"open","ping_status":"open","sticky":false,"template":"","format":"standard","meta":[],"categories":[5],"tags":[13],"_links":{"self":[{"href":"https:\/\/dgospel.com.br\/portal\/index.php\/wp-json\/wp\/v2\/posts\/9192"}],"collection":[{"href":"https:\/\/dgospel.com.br\/portal\/index.php\/wp-json\/wp\/v2\/posts"}],"about":[{"href":"https:\/\/dgospel.com.br\/portal\/index.php\/wp-json\/wp\/v2\/types\/post"}],"author":[{"embeddable":true,"href":"https:\/\/dgospel.com.br\/portal\/index.php\/wp-json\/wp\/v2\/users\/2"}],"replies":[{"embeddable":true,"href":"https:\/\/dgospel.com.br\/portal\/index.php\/wp-json\/wp\/v2\/comments?post=9192"}],"version-history":[{"count":1,"href":"https:\/\/dgospel.com.br\/portal\/index.php\/wp-json\/wp\/v2\/posts\/9192\/revisions"}],"predecessor-version":[{"id":9194,"href":"https:\/\/dgospel.com.br\/portal\/index.php\/wp-json\/wp\/v2\/posts\/9192\/revisions\/9194"}],"wp:featuredmedia":[{"embeddable":true,"href":"https:\/\/dgospel.com.br\/portal\/index.php\/wp-json\/wp\/v2\/media\/9193"}],"wp:attachment":[{"href":"https:\/\/dgospel.com.br\/portal\/index.php\/wp-json\/wp\/v2\/media?parent=9192"}],"wp:term":[{"taxonomy":"category","embeddable":true,"href":"https:\/\/dgospel.com.br\/portal\/index.php\/wp-json\/wp\/v2\/categories?post=9192"},{"taxonomy":"post_tag","embeddable":true,"href":"https:\/\/dgospel.com.br\/portal\/index.php\/wp-json\/wp\/v2\/tags?post=9192"}],"curies":[{"name":"wp","href":"https:\/\/api.w.org\/{rel}","templated":true}]}}