{"id":9195,"date":"2021-08-20T16:33:28","date_gmt":"2021-08-20T19:33:28","guid":{"rendered":"http:\/\/dgospel.com.br\/portal\/?p=9195"},"modified":"2021-08-20T16:33:29","modified_gmt":"2021-08-20T19:33:29","slug":"moraes-manda-o-banco-central-bloquear-conta-de-coalizao-crista","status":"publish","type":"post","link":"https:\/\/dgospel.com.br\/portal\/index.php\/2021\/08\/20\/moraes-manda-o-banco-central-bloquear-conta-de-coalizao-crista\/","title":{"rendered":"Moraes manda o Banco Central bloquear conta de coaliz\u00e3o crist\u00e3"},"content":{"rendered":"\n<p> O ministro do Supremo Tribunal Federal (STF)\u00a0<a rel=\"noreferrer noopener\" href=\"https:\/\/pleno.news\/brasil\/politica-nacional\/alexandre-de-moraes-a-vida-pregressa-dos-supremos.html\" target=\"_blank\">Alexandre de Moraes<\/a>\u00a0determinou que o Banco Central bloqueie uma conta vinculada ao ato organizado para o pr\u00f3ximo dia 7 de setembro. A decis\u00e3o atende ao pedido da subprocuradora-geral da Rep\u00fablica, Lind\u00f4ra Ara\u00fajo. <\/p>\n\n\n\n<p> \u2013 Determino a expedi\u00e7\u00e3o de of\u00edcio ao Banco Central para o bloqueio da chave PIX 7desetembro@portalbrasillivre.com, bem como da conta \u00e0 qual a referida chave se encontra vinculada, nos termos requeridos pela Procuradoria Geral da Rep\u00fablica, com envio a esta Corte, no prazo de 24 horas, das informa\u00e7\u00f5es pertinentes \u2013 assinalou Moraes. <\/p>\n\n\n\n<p>A chave PIX em quest\u00e3o foi divulgada no portal conservador Brasil Livre. O dinheiro doado vai para a conta da Coaliza\u00e7\u00e3o Pro-Civiliza\u00e7\u00e3o Crist\u00e3.<\/p>\n\n\n\n<p>De acordo com a documento da decis\u00e3o de Moraes, \u201cs\u00e3o doa\u00e7\u00f5es de particulares para financiar a paralisa\u00e7\u00e3o planejada por Z\u00e9 Trov\u00e3o, possivelmente patrocinada por Antonio Galvan e amplamente divulgada por Wellington Macedo e por sua Marcha para a Fam\u00edlia\u201d.<\/p>\n\n\n\n<p>Alexandre Urbano Raitz Petersen, presidente da coaliza\u00e7\u00e3o, \u00e9 um dos alvos da a\u00e7\u00e3o de Moraes desta sexta-feira (20), a qual determina que os investigados n\u00e3o poder\u00e3o se aproximar da Pra\u00e7a dos Tr\u00eas Poderes, em Bras\u00edlia, um dos locais previstos para as manifesta\u00e7\u00f5es do dia 7 de setembro.<\/p>\n\n\n\n<p>Segundo o Brasil Livre, o ato \u00e9 organizado pela Associa\u00e7\u00e3o Brasileira dos Patriotas (Abrapa) e pela Coaliz\u00e3o da Direita Conservadora (Codac).<\/p>\n\n\n\n<p>Na lista dos investigados, figuram os nomes do cantor S\u00e9rgio Reis; do presidente da Associa\u00e7\u00e3o Brasileira dos Produtores de Soja (Aprosoja), Antonio Galvan; e dos cantores Eduardo Ara\u00fajo e Z\u00e9 Trov\u00e3o. Comp\u00f5em tamb\u00e9m a lista Wellington Macedo de Souza, Alexandre Urbano Raitz Petersen, Tur\u00edbio Torres, Juliano da Silva Martins e Bruno Henrique Semczeszm.<\/p>\n\n\n\n<p><\/p>\n","protected":false},"excerpt":{"rendered":"<p>O ministro do Supremo Tribunal Federal (STF)\u00a0Alexandre de Moraes\u00a0determinou que o Banco Central bloqueie uma conta vinculada ao ato organizado para o pr\u00f3ximo dia 7 de setembro. A decis\u00e3o atende ao pedido da subprocuradora-geral da Rep\u00fablica, Lind\u00f4ra Ara\u00fajo. \u2013 Determino a expedi\u00e7\u00e3o de of\u00edcio ao Banco Central para o bloqueio da chave PIX 7desetembro@portalbrasillivre.com, bem [&hellip;]<\/p>\n","protected":false},"author":2,"featured_media":9196,"comment_status":"open","ping_status":"open","sticky":false,"template":"","format":"standard","meta":[],"categories":[4],"tags":[14],"_links":{"self":[{"href":"https:\/\/dgospel.com.br\/portal\/index.php\/wp-json\/wp\/v2\/posts\/9195"}],"collection":[{"href":"https:\/\/dgospel.com.br\/portal\/index.php\/wp-json\/wp\/v2\/posts"}],"about":[{"href":"https:\/\/dgospel.com.br\/portal\/index.php\/wp-json\/wp\/v2\/types\/post"}],"author":[{"embeddable":true,"href":"https:\/\/dgospel.com.br\/portal\/index.php\/wp-json\/wp\/v2\/users\/2"}],"replies":[{"embeddable":true,"href":"https:\/\/dgospel.com.br\/portal\/index.php\/wp-json\/wp\/v2\/comments?post=9195"}],"version-history":[{"count":1,"href":"https:\/\/dgospel.com.br\/portal\/index.php\/wp-json\/wp\/v2\/posts\/9195\/revisions"}],"predecessor-version":[{"id":9197,"href":"https:\/\/dgospel.com.br\/portal\/index.php\/wp-json\/wp\/v2\/posts\/9195\/revisions\/9197"}],"wp:featuredmedia":[{"embeddable":true,"href":"https:\/\/dgospel.com.br\/portal\/index.php\/wp-json\/wp\/v2\/media\/9196"}],"wp:attachment":[{"href":"https:\/\/dgospel.com.br\/portal\/index.php\/wp-json\/wp\/v2\/media?parent=9195"}],"wp:term":[{"taxonomy":"category","embeddable":true,"href":"https:\/\/dgospel.com.br\/portal\/index.php\/wp-json\/wp\/v2\/categories?post=9195"},{"taxonomy":"post_tag","embeddable":true,"href":"https:\/\/dgospel.com.br\/portal\/index.php\/wp-json\/wp\/v2\/tags?post=9195"}],"curies":[{"name":"wp","href":"https:\/\/api.w.org\/{rel}","templated":true}]}}