{"id":9211,"date":"2021-08-21T09:05:44","date_gmt":"2021-08-21T12:05:44","guid":{"rendered":"http:\/\/dgospel.com.br\/portal\/?p=9211"},"modified":"2021-08-21T09:05:46","modified_gmt":"2021-08-21T12:05:46","slug":"secretaria-de-educacao-implementa-acoes-para-a-reducao-de-vulnerabilidades-de-criancas-e-adolescentes-no-tocantins","status":"publish","type":"post","link":"https:\/\/dgospel.com.br\/portal\/index.php\/2021\/08\/21\/secretaria-de-educacao-implementa-acoes-para-a-reducao-de-vulnerabilidades-de-criancas-e-adolescentes-no-tocantins\/","title":{"rendered":"Secretaria de Educa\u00e7\u00e3o implementa a\u00e7\u00f5es para a redu\u00e7\u00e3o de vulnerabilidades de crian\u00e7as e adolescentes no Tocantins"},"content":{"rendered":"\n<p>A Secretaria de Estado da Educa\u00e7\u00e3o, Juventude e Esportes (Seduc) est\u00e1 implementando a\u00e7\u00f5es voltadas para a redu\u00e7\u00e3o das vulnerabilidades de crian\u00e7as, adolescentes e jovens, em seis munic\u00edpios contemplados pelo&nbsp;<em>Programa Estrada do Conhecimento<\/em>&nbsp;(PEC), financiado pelo Banco Mundial, por meio do Projeto de Desenvolvimento Regional Integrado e Sustent\u00e1vel (PDRIS).<\/p>\n\n\n\n<p>De acordo com a respons\u00e1vel pela Unidade T\u00e9cnica do&nbsp;<em>Programa Estrada do Conhecimento<\/em>&nbsp;na Seduc, Eusamar Ara\u00fajo de Sousa, as a\u00e7\u00f5es desenvolvidas nos munic\u00edpios de Aguiarn\u00f3polis, Alian\u00e7a do Tocantins, Barrol\u00e2ndia, Colinas do Tocantins, Pugmil e Wanderl\u00e2ndia visam melhorar a qualidade da educa\u00e7\u00e3o, rompendo situa\u00e7\u00f5es que afetam o desempenho escolar.<\/p>\n\n\n\n<p>Eusamar Ara\u00fajo explicou que o Programa \u00e9 desenvolvido por meio de v\u00e1rias a\u00e7\u00f5es. \u201cDentre elas destacam-se a reforma e amplia\u00e7\u00e3o de escolas e as iniciativas do projeto&nbsp;<em>Estrada de Direitos<\/em>, que est\u00e1 promovendo a sensibiliza\u00e7\u00e3o, reflex\u00f5es e forma\u00e7\u00e3o, para fortalecer os munic\u00edpios, sobretudo as escolas, no enfrentamento das situa\u00e7\u00f5es de vulnerabilidade\u201d, elencou.<\/p>\n\n\n\n<p>Algumas etapas do projeto&nbsp;<em>Estrada de Direitos<\/em>&nbsp;j\u00e1 foram realizadas, como a primeira coleta de dados para a avalia\u00e7\u00e3o do potencial de impacto do projeto.<\/p>\n\n\n\n<p>Na \u00faltima quarta-feira, 18, teve in\u00edcio o processo de forma\u00e7\u00e3o de multiplicadores, via plataforma digital, pelo munic\u00edpio de Barrol\u00e2ndia. A forma\u00e7\u00e3o seguir\u00e1 at\u00e9 in\u00edcio do pr\u00f3ximo m\u00eas, atendendo todos os seis munic\u00edpios.<\/p>\n\n\n\n<p>A forma\u00e7\u00e3o \u00e9 destinada a profissionais da educa\u00e7\u00e3o, objetivando a sensibiliza\u00e7\u00e3o e o compartilhamento de conhecimentos e experi\u00eancias.<\/p>\n\n\n\n<p>S\u00e3o diversas a\u00e7\u00f5es envolvendo escolas, redes de prote\u00e7\u00e3o, autoridades municipais e comunidades locais, tendo em vista as situa\u00e7\u00f5es de vulnerabilidades identificadas, conforme apresentam os diagn\u00f3sticos realizados no \u00e2mbito do PEC e do Banco Mundial, como gravidez na adolesc\u00eancia, explora\u00e7\u00e3o e abuso sexual, depress\u00e3o, trabalho infantil, dentre outras.<\/p>\n\n\n\n<p>Para o desenvolvimento do trabalho foi contratado o Cons\u00f3rcio Instituto Promundo e Plan Internacional, selecionado com base nas Diretrizes do Banco Mundial, que contemplam a realiza\u00e7\u00e3o de semin\u00e1rios, forma\u00e7\u00e3o de multiplicadores, avalia\u00e7\u00e3o de impacto, entre outras atividades.<\/p>\n\n\n\n<p><strong>Estrada de Direito&nbsp;<\/strong><\/p>\n\n\n\n<p>As forma\u00e7\u00f5es est\u00e3o sendo realizadas seguindo as orienta\u00e7\u00f5es do guia did\u00e1tico pedag\u00f3gico para implementa\u00e7\u00e3o das a\u00e7\u00f5es do projeto, com informa\u00e7\u00f5es disponibilizadas nas redes sociais do&nbsp;<em>Estrada de Direitos<\/em>.&nbsp;&nbsp;&nbsp;<\/p>\n\n\n\n<figure class=\"wp-block-image\"><img src=\"https:\/\/central.to.gov.br\/image\/256977?w=565&amp;h=349\" alt=\"\"\/><\/figure>\n\n\n\n<p>A respons\u00e1vel pela Unidade T\u00e9cnica do Programa Estrada do Conhecimento na Seduc, Eusamar Ara\u00fajo de Sousa, destacou que as a\u00e7\u00f5es visam romper situa\u00e7\u00f5es que afetam o desempenho escolar &#8211; Seduc\/Governo do Tocantins<\/p>\n\n\n\n<figure class=\"wp-block-image\"><img src=\"https:\/\/central.to.gov.br\/image\/256979?w=565&amp;h=349\" alt=\"\"\/><\/figure>\n\n\n\n<p>Multiplicadores do munic\u00edpio de Barrol\u00e2ndia participaram do processo de forma\u00e7\u00e3o na \u00faltima quarta-feira, 18 &#8211; Seduc\/Governo do Tocantins<br><\/p>\n","protected":false},"excerpt":{"rendered":"<p>A Secretaria de Estado da Educa\u00e7\u00e3o, Juventude e Esportes (Seduc) est\u00e1 implementando a\u00e7\u00f5es voltadas para a redu\u00e7\u00e3o das vulnerabilidades de crian\u00e7as, adolescentes e jovens, em seis munic\u00edpios contemplados pelo&nbsp;Programa Estrada do Conhecimento&nbsp;(PEC), financiado pelo Banco Mundial, por meio do Projeto de Desenvolvimento Regional Integrado e Sustent\u00e1vel (PDRIS). De acordo com a respons\u00e1vel pela Unidade T\u00e9cnica [&hellip;]<\/p>\n","protected":false},"author":2,"featured_media":9212,"comment_status":"open","ping_status":"open","sticky":false,"template":"","format":"standard","meta":[],"categories":[3],"tags":[13],"_links":{"self":[{"href":"https:\/\/dgospel.com.br\/portal\/index.php\/wp-json\/wp\/v2\/posts\/9211"}],"collection":[{"href":"https:\/\/dgospel.com.br\/portal\/index.php\/wp-json\/wp\/v2\/posts"}],"about":[{"href":"https:\/\/dgospel.com.br\/portal\/index.php\/wp-json\/wp\/v2\/types\/post"}],"author":[{"embeddable":true,"href":"https:\/\/dgospel.com.br\/portal\/index.php\/wp-json\/wp\/v2\/users\/2"}],"replies":[{"embeddable":true,"href":"https:\/\/dgospel.com.br\/portal\/index.php\/wp-json\/wp\/v2\/comments?post=9211"}],"version-history":[{"count":1,"href":"https:\/\/dgospel.com.br\/portal\/index.php\/wp-json\/wp\/v2\/posts\/9211\/revisions"}],"predecessor-version":[{"id":9213,"href":"https:\/\/dgospel.com.br\/portal\/index.php\/wp-json\/wp\/v2\/posts\/9211\/revisions\/9213"}],"wp:featuredmedia":[{"embeddable":true,"href":"https:\/\/dgospel.com.br\/portal\/index.php\/wp-json\/wp\/v2\/media\/9212"}],"wp:attachment":[{"href":"https:\/\/dgospel.com.br\/portal\/index.php\/wp-json\/wp\/v2\/media?parent=9211"}],"wp:term":[{"taxonomy":"category","embeddable":true,"href":"https:\/\/dgospel.com.br\/portal\/index.php\/wp-json\/wp\/v2\/categories?post=9211"},{"taxonomy":"post_tag","embeddable":true,"href":"https:\/\/dgospel.com.br\/portal\/index.php\/wp-json\/wp\/v2\/tags?post=9211"}],"curies":[{"name":"wp","href":"https:\/\/api.w.org\/{rel}","templated":true}]}}