{"id":9214,"date":"2021-08-21T09:53:52","date_gmt":"2021-08-21T12:53:52","guid":{"rendered":"http:\/\/dgospel.com.br\/portal\/?p=9214"},"modified":"2021-08-21T09:53:54","modified_gmt":"2021-08-21T12:53:54","slug":"facebook-censura-frase-gloria-a-deus-e-anajure-ve-violacao-da-liberdade-religiosa","status":"publish","type":"post","link":"https:\/\/dgospel.com.br\/portal\/index.php\/2021\/08\/21\/facebook-censura-frase-gloria-a-deus-e-anajure-ve-violacao-da-liberdade-religiosa\/","title":{"rendered":"Facebook censura frase \u2018gl\u00f3ria a Deus\u2019 e ANAJURE v\u00ea viola\u00e7\u00e3o da liberdade religiosa"},"content":{"rendered":"\n<p> Usu\u00e1rios do Facebook t\u00eam relatado o cerceamento \u00e0 manifesta\u00e7\u00e3o religiosa na plataforma com os termos \u201cgl\u00f3ria a Deus, aleluia\u201d, e a Associa\u00e7\u00e3o Nacional dos Juristas Evang\u00e9licos (ANAJURE) enviou of\u00edcio \u00e0 empresa cobrando explica\u00e7\u00f5es. <\/p>\n\n\n\n<p>Digitar \u201cgl\u00f3ria a Deus! Aleluia\u201d no Facebook tem sido considerado \u201cdiscurso de \u00f3dio\u201d pela plataforma. O&nbsp;<em>youtuber<\/em>&nbsp;Gustavo Gayer publicou um&nbsp;<a target=\"_blank\" href=\"https:\/\/www.youtube.com\/watch?v=YVJYRz3eltU\" rel=\"noreferrer noopener\">v\u00eddeo<\/a>&nbsp;em que demonstra a a\u00e7\u00e3o autom\u00e1tica da plataforma para censurar a manifesta\u00e7\u00e3o.<\/p>\n\n\n\n<p>A rea\u00e7\u00e3o da ANAJURE ap\u00f3s o relato da classifica\u00e7\u00e3o dos termos como discurso de \u00f3dio veio nesta sexta-feira, 20 de agosto, atrav\u00e9s do envio de um of\u00edcio questionando a empresa sobre quais seriam os motivos que levaram a&nbsp;<a href=\"https:\/\/noticias.gospelmais.com.br\/zuckerberg-facebook-censurado-paginas-conservadoras-97002.html\"><strong>esse tipo de censura<\/strong><\/a>.<\/p>\n\n\n\n<p>O departamento jur\u00eddico da entidade \u201cargumentou que a mensagem \u00e9 problem\u00e1tica, e de diferentes formas\u201d, j\u00e1 que contraria \u201cpar\u00e2metros fixados pelas normas internacionais, como o Pacto Internacional dos Direitos Civis e Pol\u00edticos (PIDCP), e pelo ordenamento jur\u00eddico brasileiro\u201d.<\/p>\n\n\n\n<p>\u201cNo caso em an\u00e1lise, n\u00e3o \u00e9 poss\u00edvel visualizar qualquer amea\u00e7a a direitos de terceiros, \u00e0 seguran\u00e7a nacional, \u00e0 ordem p\u00fablica ou a qualquer elemento que poderia justificar a restri\u00e7\u00e3o da liberdade de express\u00e3o e de cren\u00e7a, visto que a frase \u201cGl\u00f3ria a Deus! Aleluia\u201d apenas traz uma manifesta\u00e7\u00e3o religiosa de louvor a Deus\u201d, acrescenta a ANAJURE.<\/p>\n\n\n\n<p>Os juristas evang\u00e9licos que integram a entidade tamb\u00e9m chamam aten\u00e7\u00e3o para o fato de que a censura por parte da empresa viola suas pr\u00f3prias regras, j\u00e1 que o Facebook define como \u201cdiscurso de \u00f3dio\u201d a\u00e7\u00f5es bem diferentes:<\/p>\n\n\n\n<p>\u201c[\u2026] um ataque direto a pessoas baseado no que chamamos de caracter\u00edsticas protegidas: ra\u00e7a, etnia, nacionalidade, religi\u00e3o orienta\u00e7\u00e3o sexual, casta, sexo, g\u00eanero, identidade de g\u00eanero e doen\u00e7a grave ou defici\u00eancia. Definimos ataques como discursos violentos ou degradantes, estere\u00f3tipos prejudiciais, declara\u00e7\u00f5es de inferioridade, express\u00f5es de desprezo, repugn\u00e2ncia ou rejei\u00e7\u00e3o, xingamentos e apelos \u00e0 exclus\u00e3o ou segrega\u00e7\u00e3o\u201d.<\/p>\n\n\n\n<p>A\u00a0<a rel=\"noreferrer noopener\" target=\"_blank\" href=\"https:\/\/anajure.org.br\/anajure-questiona-facebook-sobre-expressao-gloria-a-deus-aleluia-ser-considerada-discurso-de-odio-pela-rede-social\/\">ANAJURE<\/a>\u00a0adicionou em sua nota que essa postura da empresa representa \u201cviola\u00e7\u00e3o \u00e0 liberdade de express\u00e3o e \u00e0 liberdade religiosa\u201d, e pediu que o Facebook \u201cpreste esclarecimentos sobre a classifica\u00e7\u00e3o da frase \u201cGl\u00f3ria a Deus! Aleluia\u201d como discurso de \u00f3dio\u201d e \u201cdeixe de aplicar esse entendimento, reorientando a sua modera\u00e7\u00e3o de conte\u00fado de modo que n\u00e3o resulte em censura do discurso religioso\u201d.<\/p>\n\n\n\n<figure class=\"wp-block-embed-youtube wp-block-embed is-type-video is-provider-youtube wp-embed-aspect-16-9 wp-has-aspect-ratio\"><div class=\"wp-block-embed__wrapper\">\n<iframe loading=\"lazy\" title=\"Inacredit\u00e1vel! Facebook diz que &quot;Gl\u00f3ria a Deus!&quot; \u00e9 discurso de \u00f3dio\" width=\"630\" height=\"354\" src=\"https:\/\/www.youtube.com\/embed\/YVJYRz3eltU?start=376&#038;feature=oembed\" frameborder=\"0\" allow=\"accelerometer; autoplay; clipboard-write; encrypted-media; gyroscope; picture-in-picture\" allowfullscreen><\/iframe>\n<\/div><\/figure>\n\n\n\n\n\n\n\n\n<p>Veja a \u00edntegra da nota oficial da ANAJURE:<\/p>\n\n\n\n<p><em>A Assessoria de imprensa da ANAJURE informa que, nesta sexta-feira (20), o departamento jur\u00eddico da entidade enviou of\u00edcio ao Facebook (Brasil) com rela\u00e7\u00e3o ao fato de, nos \u00faltimos dias, diversos usu\u00e1rios da rede social terem recebido uma mensagem de alerta por postagem com \u201cdiscurso de \u00f3dio\u201d quando publicam os dizeres \u201cGl\u00f3ria a Deus! Aleluia!\u201d. A mensagem informa que esse conte\u00fado pode estar em desacordo com os Padr\u00f5es de Comunidade sobre discurso de \u00f3dio, e em seguida, d\u00e1 ao usu\u00e1rio a possibilidade de excluir o coment\u00e1rio ou ignorar o alerta feito.<\/em><br><em>A ANAJURE argumentou que a mensagem \u00e9 problem\u00e1tica, e de diferentes formas. Primeiramente, por estar em desacordo com os par\u00e2metros fixados pelas normas internacionais, como o Pacto Internacional dos Direitos Civis e Pol\u00edticos (PIDCP), e pelo ordenamento jur\u00eddico brasileiro. No caso em an\u00e1lise, n\u00e3o \u00e9 poss\u00edvel visualizar qualquer amea\u00e7a a direitos de terceiros, \u00e0 seguran\u00e7a nacional, \u00e0 ordem p\u00fablica ou a qualquer elemento que poderia justificar a restri\u00e7\u00e3o da liberdade de express\u00e3o e de cren\u00e7a, visto que a frase \u201cGl\u00f3ria a Deus! Aleluia\u201d apenas traz uma manifesta\u00e7\u00e3o religiosa de louvor a Deus.<\/em><br><em>Ademais, a mensagem exibida pela plataforma est\u00e1 em desacordo com os pr\u00f3prios termos da empresa. O discurso de \u00f3dio \u00e9 definido pelos Padr\u00f5es da Comunidade do Facebook como:<\/em><br><em>\u201c[\u2026] um ataque direto a pessoas baseado no que chamamos de caracter\u00edsticas protegidas: ra\u00e7a, etnia, nacionalidade, religi\u00e3o orienta\u00e7\u00e3o sexual, casta, sexo, g\u00eanero, identidade de g\u00eanero e doen\u00e7a grave ou defici\u00eancia. Definimos ataques como discursos violentos ou degradantes, estere\u00f3tipos prejudiciais, declara\u00e7\u00f5es de inferioridade, express\u00f5es de desprezo, repugn\u00e2ncia ou rejei\u00e7\u00e3o, xingamentos e apelos \u00e0 exclus\u00e3o ou segrega\u00e7\u00e3o.\u201d<\/em><br><em>Na mensagem que vem sendo rotulada como inadequada, todavia, n\u00e3o h\u00e1 qualquer ataque, discurso violento, express\u00e3o de desprezo ou qualquer outra caracteriza\u00e7\u00e3o utilizada pela plataforma para indicar um conte\u00fado como discurso de \u00f3dio. O contexto leva a crer que h\u00e1 uma falha significativa nos mecanismos de detec\u00e7\u00e3o de discurso de \u00f3dio utilizados pelo Facebook, de modo que mensagens inofensivas est\u00e3o recebendo uma classifica\u00e7\u00e3o inapropriada.<\/em><br><em>Por fim, considerando a inconveni\u00eancia, o risco de que os usu\u00e1rios possam sofrer puni\u00e7\u00f5es na plataforma por terem suas postagens confundidas com mensagens de discurso de \u00f3dio, al\u00e9m da viola\u00e7\u00e3o \u00e0 liberdade de express\u00e3o e \u00e0 liberdade religiosa, a ANAJURE solicitou que a plataforma: (1) preste esclarecimentos sobre a classifica\u00e7\u00e3o da frase \u201cGl\u00f3ria a Deus! Aleluia\u201d como discurso de \u00f3dio; e (2) deixe de aplicar esse entendimento, reorientando a sua modera\u00e7\u00e3o de conte\u00fado de modo que n\u00e3o resulte em censura do discurso religioso.<\/em><br><em>Ademais, ressaltamos que quem desejar relatar este problema ao facebook, pode faz\u00ea-lo&nbsp;<a target=\"_blank\" href=\"https:\/\/www.facebook.com\/help\/1126628984024935\" rel=\"noreferrer noopener\">AQUI<\/a>.<\/em><br><em>20 de Agosto de 2021.<\/em><br><\/p>\n","protected":false},"excerpt":{"rendered":"<p>Usu\u00e1rios do Facebook t\u00eam relatado o cerceamento \u00e0 manifesta\u00e7\u00e3o religiosa na plataforma com os termos \u201cgl\u00f3ria a Deus, aleluia\u201d, e a Associa\u00e7\u00e3o Nacional dos Juristas Evang\u00e9licos (ANAJURE) enviou of\u00edcio \u00e0 empresa cobrando explica\u00e7\u00f5es. Digitar \u201cgl\u00f3ria a Deus! Aleluia\u201d no Facebook tem sido considerado \u201cdiscurso de \u00f3dio\u201d pela plataforma. O&nbsp;youtuber&nbsp;Gustavo Gayer publicou um&nbsp;v\u00eddeo&nbsp;em que demonstra a [&hellip;]<\/p>\n","protected":false},"author":2,"featured_media":9215,"comment_status":"open","ping_status":"open","sticky":false,"template":"","format":"standard","meta":[],"categories":[4],"tags":[],"_links":{"self":[{"href":"https:\/\/dgospel.com.br\/portal\/index.php\/wp-json\/wp\/v2\/posts\/9214"}],"collection":[{"href":"https:\/\/dgospel.com.br\/portal\/index.php\/wp-json\/wp\/v2\/posts"}],"about":[{"href":"https:\/\/dgospel.com.br\/portal\/index.php\/wp-json\/wp\/v2\/types\/post"}],"author":[{"embeddable":true,"href":"https:\/\/dgospel.com.br\/portal\/index.php\/wp-json\/wp\/v2\/users\/2"}],"replies":[{"embeddable":true,"href":"https:\/\/dgospel.com.br\/portal\/index.php\/wp-json\/wp\/v2\/comments?post=9214"}],"version-history":[{"count":1,"href":"https:\/\/dgospel.com.br\/portal\/index.php\/wp-json\/wp\/v2\/posts\/9214\/revisions"}],"predecessor-version":[{"id":9216,"href":"https:\/\/dgospel.com.br\/portal\/index.php\/wp-json\/wp\/v2\/posts\/9214\/revisions\/9216"}],"wp:featuredmedia":[{"embeddable":true,"href":"https:\/\/dgospel.com.br\/portal\/index.php\/wp-json\/wp\/v2\/media\/9215"}],"wp:attachment":[{"href":"https:\/\/dgospel.com.br\/portal\/index.php\/wp-json\/wp\/v2\/media?parent=9214"}],"wp:term":[{"taxonomy":"category","embeddable":true,"href":"https:\/\/dgospel.com.br\/portal\/index.php\/wp-json\/wp\/v2\/categories?post=9214"},{"taxonomy":"post_tag","embeddable":true,"href":"https:\/\/dgospel.com.br\/portal\/index.php\/wp-json\/wp\/v2\/tags?post=9214"}],"curies":[{"name":"wp","href":"https:\/\/api.w.org\/{rel}","templated":true}]}}