{"id":9217,"date":"2021-08-23T09:58:49","date_gmt":"2021-08-23T12:58:49","guid":{"rendered":"http:\/\/dgospel.com.br\/portal\/?p=9217"},"modified":"2021-08-23T09:59:12","modified_gmt":"2021-08-23T12:59:12","slug":"video-no-ceara-lula-e-benzido-e-ganha-imagem-de-ze-pilintra","status":"publish","type":"post","link":"https:\/\/dgospel.com.br\/portal\/index.php\/2021\/08\/23\/video-no-ceara-lula-e-benzido-e-ganha-imagem-de-ze-pilintra\/","title":{"rendered":"V\u00eddeo: No Cear\u00e1, Lula \u00e9 \u2018benzido\u2019 e ganha imagem de Z\u00e9 Pilintra"},"content":{"rendered":"\n<p> Em viagem pelo Nordeste, o ex-presidente Luiz In\u00e1cio Lula da Silva n\u00e3os est\u00e1 fazendo eventos de rua. A estrat\u00e9gia escolhida pelo petista e sua comitiva foi a de encontros com l\u00edderes locais e eventos fechados. No Cear\u00e1, onde ficar\u00e1 at\u00e9 segunda-feira (23), Lula participou do Encontro com Movimentos Sociais e Culturais em Fortaleza, acompanhado do governador do Cear\u00e1 Camilo Santana, tamb\u00e9m petista. <\/p>\n\n\n\n<p>Em dado momento do encontro, o ex-presidente foi abordado por uma mulher adepta da umbanda, que o chamou de \u201chomem de Xang\u00f4\u201d.<\/p>\n\n\n\n<p>\u2013 Ningu\u00e9m vence a for\u00e7a de Xang\u00f4. Voc\u00ea, como um homem de Xang\u00f4, enfrentou o que muita gente n\u00e3o enfrentaria: a justi\u00e7a batida na porta, a dor sofrida e as noites na pris\u00e3o -declarou a mulher.<\/p>\n\n\n\n<p>Ap\u00f3s entoar um c\u00e2ntico, a umbandista entregou a Lula uma imagem de Z\u00e9 Pilintra (uma das principais entidades cultuadas pelos umbandistas).<\/p>\n\n\n\n<p>\u2013 Em nome do meu povo da umbanda do Cear\u00e1 eu lhe entrego Z\u00e9 Pilintra das Almas, um grande mestre e curador \u2013 disse ao entregar o presente.<\/p>\n\n\n\n<figure class=\"wp-block-embed-youtube wp-block-embed is-type-video is-provider-youtube wp-embed-aspect-16-9 wp-has-aspect-ratio\"><div class=\"wp-block-embed__wrapper\">\n<iframe loading=\"lazy\" title=\"NO CEAR\u00c1, LULA \u00c9 \u2018BENZIDO\u2019 E GANHA IMAGEM DE Z\u00c9 PILINTRA (Pleno News)\" width=\"630\" height=\"354\" src=\"https:\/\/www.youtube.com\/embed\/G5PDE0H5BWw?feature=oembed\" frameborder=\"0\" allow=\"accelerometer; autoplay; clipboard-write; encrypted-media; gyroscope; picture-in-picture\" allowfullscreen><\/iframe>\n<\/div><\/figure>\n","protected":false},"excerpt":{"rendered":"<p>Em viagem pelo Nordeste, o ex-presidente Luiz In\u00e1cio Lula da Silva n\u00e3os est\u00e1 fazendo eventos de rua. A estrat\u00e9gia escolhida pelo petista e sua comitiva foi a de encontros com l\u00edderes locais e eventos fechados. No Cear\u00e1, onde ficar\u00e1 at\u00e9 segunda-feira (23), Lula participou do Encontro com Movimentos Sociais e Culturais em Fortaleza, acompanhado do [&hellip;]<\/p>\n","protected":false},"author":2,"featured_media":9218,"comment_status":"open","ping_status":"open","sticky":false,"template":"","format":"standard","meta":[],"categories":[4],"tags":[14],"_links":{"self":[{"href":"https:\/\/dgospel.com.br\/portal\/index.php\/wp-json\/wp\/v2\/posts\/9217"}],"collection":[{"href":"https:\/\/dgospel.com.br\/portal\/index.php\/wp-json\/wp\/v2\/posts"}],"about":[{"href":"https:\/\/dgospel.com.br\/portal\/index.php\/wp-json\/wp\/v2\/types\/post"}],"author":[{"embeddable":true,"href":"https:\/\/dgospel.com.br\/portal\/index.php\/wp-json\/wp\/v2\/users\/2"}],"replies":[{"embeddable":true,"href":"https:\/\/dgospel.com.br\/portal\/index.php\/wp-json\/wp\/v2\/comments?post=9217"}],"version-history":[{"count":2,"href":"https:\/\/dgospel.com.br\/portal\/index.php\/wp-json\/wp\/v2\/posts\/9217\/revisions"}],"predecessor-version":[{"id":9220,"href":"https:\/\/dgospel.com.br\/portal\/index.php\/wp-json\/wp\/v2\/posts\/9217\/revisions\/9220"}],"wp:featuredmedia":[{"embeddable":true,"href":"https:\/\/dgospel.com.br\/portal\/index.php\/wp-json\/wp\/v2\/media\/9218"}],"wp:attachment":[{"href":"https:\/\/dgospel.com.br\/portal\/index.php\/wp-json\/wp\/v2\/media?parent=9217"}],"wp:term":[{"taxonomy":"category","embeddable":true,"href":"https:\/\/dgospel.com.br\/portal\/index.php\/wp-json\/wp\/v2\/categories?post=9217"},{"taxonomy":"post_tag","embeddable":true,"href":"https:\/\/dgospel.com.br\/portal\/index.php\/wp-json\/wp\/v2\/tags?post=9217"}],"curies":[{"name":"wp","href":"https:\/\/api.w.org\/{rel}","templated":true}]}}