{"id":9226,"date":"2021-08-24T15:40:08","date_gmt":"2021-08-24T18:40:08","guid":{"rendered":"http:\/\/dgospel.com.br\/portal\/?p=9226"},"modified":"2021-08-24T15:40:09","modified_gmt":"2021-08-24T18:40:09","slug":"rubens-uchoa-solicita-que-os-templos-religiosos-voltem-a-funcionar-com-100-de-capacidade-de-lotacao-na-capital","status":"publish","type":"post","link":"https:\/\/dgospel.com.br\/portal\/index.php\/2021\/08\/24\/rubens-uchoa-solicita-que-os-templos-religiosos-voltem-a-funcionar-com-100-de-capacidade-de-lotacao-na-capital\/","title":{"rendered":"Rubens Uch\u00f4a solicita que os templos religiosos voltem a funcionar com 100% de capacidade de lota\u00e7\u00e3o na capital"},"content":{"rendered":"\n<p><\/p>\n\n\n\n<p>O vice-presidente da C\u00e2mara Municipal de Palmas, vereador Rubens Uch\u00f4a, apresentou um requerimento nesta ter\u00e7a-feira, 24, que foi aprovado por unanimidade pelos vereadores, solicitando ao poder executivo municipal, o aumento da capacidade de lota\u00e7\u00e3o nos templos religiosos de 50% para o 100%. O pedido do parlamentar foi feito com base nos dados recentes da Secretaria Municipal de Sa\u00fade sobre a queda significativa de novos casos di\u00e1rio do Covid, e de interna\u00e7\u00f5es provocada pelo coronavirus na capital.<\/p>\n\n\n\n<p>O parlamentar lembrou que as igrejas exercem um importante papel, oferecendo acolhimento e conforto espiritual \u00e0s pessoas. \u201cLembrando que desde o come\u00e7o da pandemia as igrejas est\u00e3o respeitando os protocolos de seguran\u00e7a contra o Covid\u201d, disse o vereador.<\/p>\n\n\n\n<p>\u201cConsiderando que hoje a pandemia se encontra moderada, e que grande parte da popula\u00e7\u00e3o de Palmas j\u00e1 foi vacinada. Lembrado que o \u00faltimo decreto proferido pelo executivo no qual libera eventos em nossa cidade, solicita ao poder executivo, que aumente em 100% da capacidade de lota\u00e7\u00e3o nas igrejas do nosso munic\u00edpio, respeitando todos os protocolos de sa\u00fade a Covid-19\u201d, justifica o parlamentar.<\/p>\n","protected":false},"excerpt":{"rendered":"<p>O vice-presidente da C\u00e2mara Municipal de Palmas, vereador Rubens Uch\u00f4a, apresentou um requerimento nesta ter\u00e7a-feira, 24, que foi aprovado por unanimidade pelos vereadores, solicitando ao poder executivo municipal, o aumento da capacidade de lota\u00e7\u00e3o nos templos religiosos de 50% para o 100%. O pedido do parlamentar foi feito com base nos dados recentes da Secretaria [&hellip;]<\/p>\n","protected":false},"author":2,"featured_media":9227,"comment_status":"open","ping_status":"open","sticky":false,"template":"","format":"standard","meta":[],"categories":[8,5],"tags":[],"_links":{"self":[{"href":"https:\/\/dgospel.com.br\/portal\/index.php\/wp-json\/wp\/v2\/posts\/9226"}],"collection":[{"href":"https:\/\/dgospel.com.br\/portal\/index.php\/wp-json\/wp\/v2\/posts"}],"about":[{"href":"https:\/\/dgospel.com.br\/portal\/index.php\/wp-json\/wp\/v2\/types\/post"}],"author":[{"embeddable":true,"href":"https:\/\/dgospel.com.br\/portal\/index.php\/wp-json\/wp\/v2\/users\/2"}],"replies":[{"embeddable":true,"href":"https:\/\/dgospel.com.br\/portal\/index.php\/wp-json\/wp\/v2\/comments?post=9226"}],"version-history":[{"count":1,"href":"https:\/\/dgospel.com.br\/portal\/index.php\/wp-json\/wp\/v2\/posts\/9226\/revisions"}],"predecessor-version":[{"id":9228,"href":"https:\/\/dgospel.com.br\/portal\/index.php\/wp-json\/wp\/v2\/posts\/9226\/revisions\/9228"}],"wp:featuredmedia":[{"embeddable":true,"href":"https:\/\/dgospel.com.br\/portal\/index.php\/wp-json\/wp\/v2\/media\/9227"}],"wp:attachment":[{"href":"https:\/\/dgospel.com.br\/portal\/index.php\/wp-json\/wp\/v2\/media?parent=9226"}],"wp:term":[{"taxonomy":"category","embeddable":true,"href":"https:\/\/dgospel.com.br\/portal\/index.php\/wp-json\/wp\/v2\/categories?post=9226"},{"taxonomy":"post_tag","embeddable":true,"href":"https:\/\/dgospel.com.br\/portal\/index.php\/wp-json\/wp\/v2\/tags?post=9226"}],"curies":[{"name":"wp","href":"https:\/\/api.w.org\/{rel}","templated":true}]}}