{"id":9229,"date":"2021-08-24T16:05:29","date_gmt":"2021-08-24T19:05:29","guid":{"rendered":"http:\/\/dgospel.com.br\/portal\/?p=9229"},"modified":"2021-08-24T16:05:31","modified_gmt":"2021-08-24T19:05:31","slug":"ex-fat-family-celia-soul-lanca-projeto-gospel-para-arrecadar-fundos-a-pessoas-carentes","status":"publish","type":"post","link":"https:\/\/dgospel.com.br\/portal\/index.php\/2021\/08\/24\/ex-fat-family-celia-soul-lanca-projeto-gospel-para-arrecadar-fundos-a-pessoas-carentes\/","title":{"rendered":"Ex-Fat Family, C\u00e9lia Soul lan\u00e7a projeto gospel para arrecadar fundos a pessoas carentes"},"content":{"rendered":"\n<p>\n\nFoi de joelhos, enquanto orava por pessoas carentes, pela situa\u00e7\u00e3o do nosso pa\u00eds e pelas na\u00e7\u00f5es da terra, que a cantora C\u00e9lia Soul recebeu do Senhor a inspira\u00e7\u00e3o para compor a can\u00e7\u00e3o \u201cSopra, Esp\u00edrito de Deus\u201d.&nbsp;\n\n<\/p>\n\n\n\n<figure class=\"wp-block-image\"><img src=\"https:\/\/thumbor.guiame.com.br\/unsafe\/840x500\/top\/smart\/https:\/\/media.guiame.com.br\/archives\/2021\/08\/24\/3793720917-celia-soul.jpg\" alt=\"(Foto: Divulga\u00e7\u00e3o)\"\/><figcaption>(Foto: Divulga\u00e7\u00e3o)<\/figcaption><\/figure>\n\n\n\n<p>Com ela, veio tamb\u00e9m o desafio de iniciar a campanha &#8220;M\u00e3os estendidas levam esperan\u00e7a&#8221;, que vai arrecadar alimentos, roupas, produtos de higiene e de primeira necessidade para distribuir aos menos favorecidos.\u00a0<\/p>\n\n\n\n<p>\u201cDesde o in\u00edcio da pandemia, nossas ora\u00e7\u00f5es a Deus t\u00eam sido constantes, pois cremos que s\u00f3 Ele pode nos livrar desse mal\u201d, declara C\u00e9lia, ex-integrante do grupo Fat Family, grande sucesso dos anos 1990. \u201cEssa epidemia afetou a todos n\u00f3s, mas \u00e9 ineg\u00e1vel a vulnerabilidade das fam\u00edlias carentes que n\u00e3o est\u00e3o tendo como levar o sustento para os seus lares\u201d, completa.&nbsp;<\/p>\n\n\n\n<p>Todo o material arrecadado ser\u00e1 destinado ao&nbsp;<strong>Instituto El Elyon<\/strong>&nbsp;e \u00e0&nbsp;<strong>Associa\u00e7\u00e3o Ser Esperan\u00e7a<\/strong>, que ser\u00e3o respons\u00e1veis por distribuir as doa\u00e7\u00f5es \u00e0s fam\u00edlias j\u00e1 cadastradas.&nbsp;<\/p>\n\n\n\n<p>\u201cEssas duas institui\u00e7\u00f5es j\u00e1 realizam um lindo trabalho social, entregando cestas b\u00e1sicas e ministrando cursos gratuitos em comunidades nas zonas sul e norte da capital paulista\u201d, lembra C\u00e9lia Soul. As doa\u00e7\u00f5es poder\u00e3o ser entregues na sede da Go Work, maior rede brasileira de&nbsp;<em>coworking<\/em>&nbsp;\u2013 Avenida Paulista, 302 \u2013 Bela Vista &#8211; S\u00e3o Paulo \u2013 e nas institui\u00e7\u00f5es beneficiadas, al\u00e9m de outros pontos que ser\u00e3o divulgados.<\/p>\n\n\n\n<p><strong>A m\u00fasica da campanha&nbsp;<\/strong><\/p>\n\n\n\n<p>A grava\u00e7\u00e3o de &#8220;Sopra, Esp\u00edrito de Deus&#8221; reuniu 29 nomes da m\u00fasica gospel, entre eles Rodrigo Soeiro, Fernando F\u00e9, Davi Fantazzini, Dany Grace, Lito Atalaia, Maury de Jesus e Yudi Tamashiro.&nbsp;<\/p>\n\n\n\n<p>\u201c<em>Sopra, Esp\u00edrito de Deu<\/em>s \u00e9 o nosso clamor pelo Brasil e pelas na\u00e7\u00f5es. Com esse&nbsp;<em>single<\/em>, cremos que a campanha ganhar\u00e1 mais for\u00e7a e os brasileiros ter\u00e3o a oportunidade de doar aquilo que puderem para socorrer os menos favorecidos do nosso pa\u00eds, que j\u00e1 est\u00e3o sofrendo com o desemprego e tantas outras dificuldades que o Brasil est\u00e1 enfrentando\u201d, afirma C\u00e9lia Soul.&nbsp;<\/p>\n\n\n\n<p><strong>Live<\/strong><\/p>\n\n\n\n<p>No pr\u00f3ximo dia 27 de agosto (sexta-feira), \u00e0s 20:30 horas, ser\u00e1 realizada uma Live, transmitida pelo Canal YouTube C\u00e9lia Soul. Os artistas que gravaram o&nbsp;<em>single<\/em>&nbsp;se apresentar\u00e3o juntos em trios ou quartetos, com can\u00e7\u00f5es sobre o tema.&nbsp;<\/p>\n\n\n\n<figure class=\"wp-block-image\"><img src=\"https:\/\/thumbor.guiame.com.br\/unsafe\/smart\/https:\/\/media.guiame.com.br\/archives\/2021\/08\/24\/395957115-.jpg\" alt=\"\"\/><\/figure>\n\n\n\n<p>A Live ter\u00e1 a dura\u00e7\u00e3o de duas horas e ser\u00e1 apresentada pela atriz e modelo Karina Bacchi. Durante a transmiss\u00e3o ao vivo estar\u00e1 dispon\u00edvel na tela o PIX do&nbsp;<strong>Instituto<\/strong>&nbsp;<strong>El Elyon<\/strong>&nbsp;e da&nbsp;<strong>Associa\u00e7\u00e3o Ser Esperan\u00e7a<\/strong>&nbsp;com o QR CODE para os seguidores fazerem doa\u00e7\u00f5es&nbsp;<\/p>\n\n\n\n<p>No mesmo dia, ser\u00e3o feitas as fotos, o&nbsp;<em>making of<\/em>&nbsp;e a grava\u00e7\u00e3o do clipe de \u201cSopra, Esp\u00edrito de Deus\u201d. A m\u00fasica, em fase final de produ\u00e7\u00e3o, estar\u00e1 dispon\u00edvel nas plataformas digitais.&nbsp;<\/p>\n\n\n\n<p>\u201cPor entender o valor do amor de Deus e a import\u00e2ncia de exercer nossa cidadania, chegou o tempo de estender as m\u00e3os ao necessitado, pois o Senhor conta conosco e quer usar a nossa vida nesse tempo\u201d, finaliza C\u00e9lia Soul, idealizadora da Projeto M\u00e3os Estendidas.<\/p>\n\n\n\n<p><strong>Artistas participantes<\/strong><\/p>\n\n\n\n<p>C\u00e9lia Soul \u2013 ex-Fat Family<\/p>\n\n\n\n<p>Rodrigo Soeiro<\/p>\n\n\n\n<p>Priscila Angel&nbsp;&nbsp;<\/p>\n\n\n\n<p>Oseas Silva&nbsp;<\/p>\n\n\n\n<p>Eduardo e Silvana&nbsp;<\/p>\n\n\n\n<p>Kelly Lopes<\/p>\n\n\n\n<p>David Fantazzini<\/p>\n\n\n\n<p>Dayane Damasceno&nbsp;<\/p>\n\n\n\n<p>Vict\u00f3ria Fernandes&nbsp;<\/p>\n\n\n\n<p>Daisy Houston<\/p>\n\n\n\n<p>Fernando F\u00e9&nbsp;<\/p>\n\n\n\n<p>Mari Rocha<\/p>\n\n\n\n<p>Fabr\u00edcio de Carvalho&nbsp;<\/p>\n\n\n\n<p>Anderson Constantino&nbsp;<\/p>\n\n\n\n<p>Sueli Cipriano \u2013 ex-Fat Family<\/p>\n\n\n\n<p>Miqu\u00e9ias Caetano<\/p>\n\n\n\n<p>Dany Grace&nbsp;<\/p>\n\n\n\n<p>Maury de Jesus&nbsp;<\/p>\n\n\n\n<p>Jairo Bonfim, Joelma e Josy<\/p>\n\n\n\n<p>Soul Livre<\/p>\n\n\n\n<p>Scooby Carvalho&nbsp;<\/p>\n\n\n\n<p>\u00c1lvaro Tito&nbsp;<\/p>\n\n\n\n<p>Gilson Campos<\/p>\n\n\n\n<p>Sandra Lima<\/p>\n\n\n\n<p>Rog\u00e9rio Templo Soul&nbsp;<\/p>\n\n\n\n<p>Sh\u00eania Abrantes&nbsp;<\/p>\n\n\n\n<p>Xand \u2013 ex-Paquito&nbsp;<\/p>\n\n\n\n<p>Lito Atalaia<\/p>\n\n\n\n<p>Yudi Tamashiro&nbsp;<\/p>\n\n\n\n<p><br><\/p>\n","protected":false},"excerpt":{"rendered":"<p>Foi de joelhos, enquanto orava por pessoas carentes, pela situa\u00e7\u00e3o do nosso pa\u00eds e pelas na\u00e7\u00f5es da terra, que a cantora C\u00e9lia Soul recebeu do Senhor a inspira\u00e7\u00e3o para compor a can\u00e7\u00e3o \u201cSopra, Esp\u00edrito de Deus\u201d.&nbsp; Com ela, veio tamb\u00e9m o desafio de iniciar a campanha &#8220;M\u00e3os estendidas levam esperan\u00e7a&#8221;, que vai arrecadar alimentos, roupas, [&hellip;]<\/p>\n","protected":false},"author":2,"featured_media":9230,"comment_status":"open","ping_status":"open","sticky":false,"template":"","format":"standard","meta":[],"categories":[17,5],"tags":[],"_links":{"self":[{"href":"https:\/\/dgospel.com.br\/portal\/index.php\/wp-json\/wp\/v2\/posts\/9229"}],"collection":[{"href":"https:\/\/dgospel.com.br\/portal\/index.php\/wp-json\/wp\/v2\/posts"}],"about":[{"href":"https:\/\/dgospel.com.br\/portal\/index.php\/wp-json\/wp\/v2\/types\/post"}],"author":[{"embeddable":true,"href":"https:\/\/dgospel.com.br\/portal\/index.php\/wp-json\/wp\/v2\/users\/2"}],"replies":[{"embeddable":true,"href":"https:\/\/dgospel.com.br\/portal\/index.php\/wp-json\/wp\/v2\/comments?post=9229"}],"version-history":[{"count":1,"href":"https:\/\/dgospel.com.br\/portal\/index.php\/wp-json\/wp\/v2\/posts\/9229\/revisions"}],"predecessor-version":[{"id":9231,"href":"https:\/\/dgospel.com.br\/portal\/index.php\/wp-json\/wp\/v2\/posts\/9229\/revisions\/9231"}],"wp:featuredmedia":[{"embeddable":true,"href":"https:\/\/dgospel.com.br\/portal\/index.php\/wp-json\/wp\/v2\/media\/9230"}],"wp:attachment":[{"href":"https:\/\/dgospel.com.br\/portal\/index.php\/wp-json\/wp\/v2\/media?parent=9229"}],"wp:term":[{"taxonomy":"category","embeddable":true,"href":"https:\/\/dgospel.com.br\/portal\/index.php\/wp-json\/wp\/v2\/categories?post=9229"},{"taxonomy":"post_tag","embeddable":true,"href":"https:\/\/dgospel.com.br\/portal\/index.php\/wp-json\/wp\/v2\/tags?post=9229"}],"curies":[{"name":"wp","href":"https:\/\/api.w.org\/{rel}","templated":true}]}}