{"id":9232,"date":"2021-08-24T16:12:26","date_gmt":"2021-08-24T19:12:26","guid":{"rendered":"http:\/\/dgospel.com.br\/portal\/?p=9232"},"modified":"2021-08-24T16:12:27","modified_gmt":"2021-08-24T19:12:27","slug":"brasil-recebe-2a-edicao-do-maior-evento-conservador-do-mundo","status":"publish","type":"post","link":"https:\/\/dgospel.com.br\/portal\/index.php\/2021\/08\/24\/brasil-recebe-2a-edicao-do-maior-evento-conservador-do-mundo\/","title":{"rendered":"Brasil recebe 2\u00aa edi\u00e7\u00e3o do maior evento conservador do mundo"},"content":{"rendered":"\n<p>\n\nSucesso de p\u00fablico no Brasil em 2019, em sua primeira edi\u00e7\u00e3o nacional, realizada em&nbsp;<a rel=\"noreferrer noopener\" href=\"http:\/\/pleno.news\/tag\/sao-paulo\" target=\"_blank\">S\u00e3o Paulo<\/a>, a Confer\u00eancia de A\u00e7\u00e3o Pol\u00edtica Conservadora (<a rel=\"noreferrer noopener\" href=\"http:\/\/pleno.news\/tag\/cpac\" target=\"_blank\">CPAC<\/a>) volta a desembarcar em territ\u00f3rio nacional em 2021, mas com um destino diferente: a capital federal. Ser\u00e1 Bras\u00edlia que receber\u00e1 o maior evento conservador do mundo nos dias 3 e 4 de setembro. As inscri\u00e7\u00f5es est\u00e3o abertas.\n\n<\/p>\n\n\n\n<figure class=\"wp-block-image\"><img src=\"https:\/\/static.cdn.pleno.news\/2019\/10\/WhatsApp-Image-2019-10-11-at-20.24.301-e1629823769290-1024x668.jpeg\" alt=\"\" class=\"wp-image-406753\"\/><figcaption>Deputado Eduardo Bolsonaro na primeira edi\u00e7\u00e3o do CPAC&nbsp;Foto: Pleno.News\/Salvi Cruz<\/figcaption><\/figure>\n\n\n\n<p>A lista de presen\u00e7as confirmadas para a edi\u00e7\u00e3o deste ano inclui grandes nomes do conservadorismo que v\u00e3o desde a pol\u00edtica at\u00e9 o ramo do entretenimento, como o deputado Eduardo Bolsonaro (PSL-SP), o ministro do Trabalho e Previd\u00eancia, Onyx Lorenzoni, e os ex-ministros das Rela\u00e7\u00f5es Exteriores, Ernesto Ara\u00fajo, e do Meio Ambiente, Ricardo Salles, al\u00e9m do grupo de humor\u00a0<em>Hip\u00f3critas<\/em>.<\/p>\n\n\n\n<p>Outros integrantes do governo tamb\u00e9m est\u00e3o na lista, como os secret\u00e1rios de Cultura, M\u00e1rio Frias; de Comunica\u00e7\u00e3o Institucional, Felipe Pedri; de Alfabetiza\u00e7\u00e3o, Carlos Nadalim; de Ci\u00eancia, Tecnologia, Inova\u00e7\u00e3o e Insumos Estrat\u00e9gicos em Sa\u00fade, Helio Angotti; de Desburocratiza\u00e7\u00e3o, Caio Andrade; e o assessor-chefe da Secretaria Especial de Assuntos Estrat\u00e9gicos, Filipe Martins.<\/p>\n\n\n\n<p>No campo da comunica\u00e7\u00e3o estar\u00e3o presentes os jornalistas Paulo Figueiredo e Bernardo K\u00fcster, e os comentaristas Adrilles Jorge e Ana Paula Henkel. J\u00e1 no Legislativo brasileiro, entre os convidados est\u00e3o o vereador de Belo Horizonte Nikolas Ferreira (PRTB-MG) e a presidente da Comiss\u00e3o de Constitui\u00e7\u00e3o, Justi\u00e7a e Cidadania da C\u00e2mara (CCJC), deputada Bia Kicis (PSL-DF).<\/p>\n\n\n\n<p><strong>INSCRI\u00c7\u00d5ES ABERTAS<br><\/strong>O CPAC Brasil ser\u00e1 realizado pelo Instituto Conservador-Liberal (ICLBR) e n\u00e3o contar\u00e1 com recursos de dinheiro p\u00fablico para sua realiza\u00e7\u00e3o. As inscri\u00e7\u00f5es, que j\u00e1 est\u00e3o abertas. O valor m\u00ednimo de cada inscri\u00e7\u00e3o \u00e9 de R$ 199 e 1 quilo de alimento, chamada de&nbsp;<em>Inscri\u00e7\u00e3o Solid\u00e1ria<\/em>.<\/p>\n\n\n\n<p>H\u00e1 tamb\u00e9m a op\u00e7\u00e3o de a pessoa se tornar membro do ICLBR e receber imediatamente um desconto exclusivo na sua inscri\u00e7\u00e3o. O valor da inscri\u00e7\u00e3o para membros do instituto \u00e9 de R$ 50 e 1 quilo de alimento. Por fim, para aqueles que n\u00e3o s\u00e3o membros do instituto e que n\u00e3o puderem levar o quilo de alimento, o valor ser\u00e1 de R$ 398. As&nbsp;<a href=\"https:\/\/www.cpacbr.com.br\/#Pricing\" target=\"_blank\" rel=\"noreferrer noopener\">inscri\u00e7\u00f5es s\u00e3o feitas no site do evento<\/a>.<\/p>\n\n\n\n<p><strong>O QUE \u00c9 O CPAC<br><\/strong>Sigla para Conservative Political Action Conference (Confer\u00eancia de A\u00e7\u00e3o Pol\u00edtica Conservadora, em portugu\u00eas), o CPAC \u00e9 o maior encontro de conservadores do mundo. Lan\u00e7ado em 1974, o encontro re\u00fane organiza\u00e7\u00f5es, ativistas, telespectadores e diversos l\u00edderes conservadores do mundo.<\/p>\n\n\n\n<p>Criado em 1973 pelos grupos American Conservative Union (ACU) e Young Americans for Freedom (YAF), o evento diz ter em sua ess\u00eancia os valores defendidos por ambas as entidades que lhe deram origem, como a defesa do fortalecimento da soberania nacional e a cren\u00e7a de que apenas governos com poder limitado s\u00e3o capazes de garantir a liberdade individual.<\/p>\n\n\n\n<p>Ao longo de sua hist\u00f3ria, o CPAC reuniu grandes personagens da direita conservadora americana como Ronald Reagan (ex-presidente), George W. Bush (ex-presidente), Mitt Romney (ex-candidato republicano \u00e0 Presid\u00eancia dos EUA em 2012), Dick Cheney (ex-vice-presidente dos EUA), Donald Trump (ex-presidente) e Nigel Farage (liderou o partido UK Independence Party).<\/p>\n\n\n\n<p>No Brasil, o primeiro CPAC aconteceu nos dias 11 e 12 de outubro de 2019, em S\u00e3o Paulo, decorrente da rela\u00e7\u00e3o entre o deputado federal Eduardo Bolsonaro e Matt Schlapp, presidente da ACU. Na ocasi\u00e3o, diversos integrantes do governo do presidente Jair Bolsonaro e personalidades conservadoras do Brasil e do mundo participaram do evento.<\/p>\n\n\n\n<p>Desde a edi\u00e7\u00e3o anterior, o CPAC se expandiu para muitos outros pa\u00edses, j\u00e1 tendo ocorrido na Austr\u00e1lia, na Coreia do Sul, no Jap\u00e3o e na Irlanda.<\/p>\n","protected":false},"excerpt":{"rendered":"<p>Sucesso de p\u00fablico no Brasil em 2019, em sua primeira edi\u00e7\u00e3o nacional, realizada em&nbsp;S\u00e3o Paulo, a Confer\u00eancia de A\u00e7\u00e3o Pol\u00edtica Conservadora (CPAC) volta a desembarcar em territ\u00f3rio nacional em 2021, mas com um destino diferente: a capital federal. Ser\u00e1 Bras\u00edlia que receber\u00e1 o maior evento conservador do mundo nos dias 3 e 4 de setembro. [&hellip;]<\/p>\n","protected":false},"author":2,"featured_media":9233,"comment_status":"open","ping_status":"open","sticky":false,"template":"","format":"standard","meta":[],"categories":[4],"tags":[],"_links":{"self":[{"href":"https:\/\/dgospel.com.br\/portal\/index.php\/wp-json\/wp\/v2\/posts\/9232"}],"collection":[{"href":"https:\/\/dgospel.com.br\/portal\/index.php\/wp-json\/wp\/v2\/posts"}],"about":[{"href":"https:\/\/dgospel.com.br\/portal\/index.php\/wp-json\/wp\/v2\/types\/post"}],"author":[{"embeddable":true,"href":"https:\/\/dgospel.com.br\/portal\/index.php\/wp-json\/wp\/v2\/users\/2"}],"replies":[{"embeddable":true,"href":"https:\/\/dgospel.com.br\/portal\/index.php\/wp-json\/wp\/v2\/comments?post=9232"}],"version-history":[{"count":1,"href":"https:\/\/dgospel.com.br\/portal\/index.php\/wp-json\/wp\/v2\/posts\/9232\/revisions"}],"predecessor-version":[{"id":9234,"href":"https:\/\/dgospel.com.br\/portal\/index.php\/wp-json\/wp\/v2\/posts\/9232\/revisions\/9234"}],"wp:featuredmedia":[{"embeddable":true,"href":"https:\/\/dgospel.com.br\/portal\/index.php\/wp-json\/wp\/v2\/media\/9233"}],"wp:attachment":[{"href":"https:\/\/dgospel.com.br\/portal\/index.php\/wp-json\/wp\/v2\/media?parent=9232"}],"wp:term":[{"taxonomy":"category","embeddable":true,"href":"https:\/\/dgospel.com.br\/portal\/index.php\/wp-json\/wp\/v2\/categories?post=9232"},{"taxonomy":"post_tag","embeddable":true,"href":"https:\/\/dgospel.com.br\/portal\/index.php\/wp-json\/wp\/v2\/tags?post=9232"}],"curies":[{"name":"wp","href":"https:\/\/api.w.org\/{rel}","templated":true}]}}