{"id":9235,"date":"2021-08-24T16:40:26","date_gmt":"2021-08-24T19:40:26","guid":{"rendered":"http:\/\/dgospel.com.br\/portal\/?p=9235"},"modified":"2021-08-24T16:40:27","modified_gmt":"2021-08-24T19:40:27","slug":"defesa-civil-municipal-emite-boletim-com-estado-de-alerta-de-baixa-umidade-do-ar","status":"publish","type":"post","link":"https:\/\/dgospel.com.br\/portal\/index.php\/2021\/08\/24\/defesa-civil-municipal-emite-boletim-com-estado-de-alerta-de-baixa-umidade-do-ar\/","title":{"rendered":"Defesa Civil Municipal emite boletim com \u2018estado de alerta\u2019 de baixa umidade do ar"},"content":{"rendered":"\n<p>O boletim emitido pelo Instituto Nacional de Meteorologia (INMET) &#8211; Sala de Situa\u00e7\u00e3o da Defesa Civil Municipal desta segunda-feira, 23, informa o \u2018estado de Alerta\u2019, com baixa umidade relativa do ar para Palmas e regi\u00e3o, com temperatura m\u00ednima de 23\u00ba e m\u00e1xima de 38\u00ba, e umidade relativa variando entre 15% e 35%, com bastante sol e poucas nuvens.<\/p>\n\n\n\n<p>Na ter\u00e7a, 24, de acordo com documento, a previs\u00e3o \u00e9 de temperatura variando entre 24\u00baC (m\u00ednima) e 38\u00baC (m\u00e1xima) e umidade relativa com m\u00ednima de 16% e m\u00e1xima de 35% e \u00edndice UV muito alto.<\/p>\n\n\n\n<p>Diante das condi\u00e7\u00f5es clim\u00e1ticas, a Defesa Civil Municipal recomenda ingest\u00e3o de bastante l\u00edquido, evitar a pr\u00e1tica de atividades f\u00edsicas nas horas mais secas e de exposi\u00e7\u00e3o ao sol do per\u00edodo mais quente do dia.<\/p>\n\n\n\n<p>Outra recomenda\u00e7\u00e3o \u00e9 umidificar o ambiente, j\u00e1 que com a baixa umidade, h\u00e1 risco \u00e0 sa\u00fade como ressecamento da pele, desconforto nos olhos, boca e nariz. Recomenda-se uso de vaporizadores, toalhas, recipientes com \u00e1gua e, sempre que poss\u00edvel, permanecer em locais protegidos do sol e usar hidratante para pele.<\/p>\n\n\n\n<p><strong>Inc\u00eandios Florestais<\/strong><\/p>\n\n\n\n<p>Ainda de acordo com a Defesa Civil Municipal, o tempo seco aumenta os riscos de inc\u00eandios florestais. Com isso \u00e9 recomendado \u00e0 popula\u00e7\u00e3o n\u00e3o fazer fogueiras e tamb\u00e9m n\u00e3o jogar pontas de cigarros para fora dos ve\u00edculos.<\/p>\n\n\n\n<p>Aos motoristas que trafegarem por regi\u00f5es sujeitas a inc\u00eandio, a recomenda\u00e7\u00e3o \u00e9 de aten\u00e7\u00e3o redobrada devido \u00e0 visibilidade reduzida por causa de focos de fuma\u00e7a.<\/p>\n\n\n\n<p>Os cidad\u00e3os tamb\u00e9m podem colaborar n\u00e3o colocando fogo em folhas e galhos secos, e principalmente nos terrenos baldios.<\/p>\n\n\n\n<p>D\u00favidas poder\u00e3o ser esclarecidas junto \u00e0 Defesa Civil atrav\u00e9s do n\u00famero 199 (Defesa Civil) e ou 193 (Corpo de Bombeiros).<\/p>\n","protected":false},"excerpt":{"rendered":"<p>O boletim emitido pelo Instituto Nacional de Meteorologia (INMET) &#8211; Sala de Situa\u00e7\u00e3o da Defesa Civil Municipal desta segunda-feira, 23, informa o \u2018estado de Alerta\u2019, com baixa umidade relativa do ar para Palmas e regi\u00e3o, com temperatura m\u00ednima de 23\u00ba e m\u00e1xima de 38\u00ba, e umidade relativa variando entre 15% e 35%, com bastante sol [&hellip;]<\/p>\n","protected":false},"author":2,"featured_media":9236,"comment_status":"open","ping_status":"open","sticky":false,"template":"","format":"standard","meta":[],"categories":[3],"tags":[13],"_links":{"self":[{"href":"https:\/\/dgospel.com.br\/portal\/index.php\/wp-json\/wp\/v2\/posts\/9235"}],"collection":[{"href":"https:\/\/dgospel.com.br\/portal\/index.php\/wp-json\/wp\/v2\/posts"}],"about":[{"href":"https:\/\/dgospel.com.br\/portal\/index.php\/wp-json\/wp\/v2\/types\/post"}],"author":[{"embeddable":true,"href":"https:\/\/dgospel.com.br\/portal\/index.php\/wp-json\/wp\/v2\/users\/2"}],"replies":[{"embeddable":true,"href":"https:\/\/dgospel.com.br\/portal\/index.php\/wp-json\/wp\/v2\/comments?post=9235"}],"version-history":[{"count":1,"href":"https:\/\/dgospel.com.br\/portal\/index.php\/wp-json\/wp\/v2\/posts\/9235\/revisions"}],"predecessor-version":[{"id":9237,"href":"https:\/\/dgospel.com.br\/portal\/index.php\/wp-json\/wp\/v2\/posts\/9235\/revisions\/9237"}],"wp:featuredmedia":[{"embeddable":true,"href":"https:\/\/dgospel.com.br\/portal\/index.php\/wp-json\/wp\/v2\/media\/9236"}],"wp:attachment":[{"href":"https:\/\/dgospel.com.br\/portal\/index.php\/wp-json\/wp\/v2\/media?parent=9235"}],"wp:term":[{"taxonomy":"category","embeddable":true,"href":"https:\/\/dgospel.com.br\/portal\/index.php\/wp-json\/wp\/v2\/categories?post=9235"},{"taxonomy":"post_tag","embeddable":true,"href":"https:\/\/dgospel.com.br\/portal\/index.php\/wp-json\/wp\/v2\/tags?post=9235"}],"curies":[{"name":"wp","href":"https:\/\/api.w.org\/{rel}","templated":true}]}}