{"id":9238,"date":"2021-08-24T16:48:24","date_gmt":"2021-08-24T19:48:24","guid":{"rendered":"http:\/\/dgospel.com.br\/portal\/?p=9238"},"modified":"2021-08-24T16:48:25","modified_gmt":"2021-08-24T19:48:25","slug":"bispo-alerta-sobre-stf-em-breve-nao-poderemos-declarar-nossa-fe","status":"publish","type":"post","link":"https:\/\/dgospel.com.br\/portal\/index.php\/2021\/08\/24\/bispo-alerta-sobre-stf-em-breve-nao-poderemos-declarar-nossa-fe\/","title":{"rendered":"Bispo alerta sobre STF: Em breve n\u00e3o poderemos declarar nossa f\u00e9"},"content":{"rendered":"\n<p> O arcebispo Paulo Garcia, da Igreja Episcopal Carism\u00e1tica do Brasil, divulgou um pronunciamento em que lan\u00e7a duras cr\u00edticas \u00e0 conduta dos ministros do Supremo Tribunal Federal (STF). O l\u00edder religioso relatou estar \u201cpreocupado\u201d com o destino do pa\u00eds. <\/p>\n\n\n\n<p> \u2013 Tenho estado muito preocupado e triste por tantos fatos que v\u00eam acontecendo no Brasil de hoje. Estamos vivendo dias muito dif\u00edceis. H\u00e1 uma escalada de autoritarismo nunca vista. Parece que n\u00e3o h\u00e1 mais seguran\u00e7a jur\u00eddica na nossa terra. Direitos individuais est\u00e3o sendo suprimidos. Quem emitir opini\u00e3o diferente de um certo Tribunal composto por pessoas que n\u00e3o foram eleitas para nos governar est\u00e1 sujeito \u00e0 persegui\u00e7\u00e3o e pris\u00e3o \u2013 diz o arcebispo. <\/p>\n\n\n\n<p>Garcia tamb\u00e9m alerta para a gradual perda da liberdade de express\u00e3o. Ele chegou a dizer que os fi\u00e9is correm risco de n\u00e3o poderem professar a pr\u00f3pria f\u00e9.<\/p>\n\n\n\n<p>\u2013 Se n\u00e3o falarmos, em breve seremos proibidos de declarar a nossa f\u00e9, at\u00e9 mesmo nas igrejas. B\u00edblias e crucifixos est\u00e3o sendo retirados das escolas. Recentemente um col\u00e9gio em Aldeia \u2013 Camaragibe, Pernambuco \u2013 foi ridicularizado pela m\u00eddia por se posicionar a favor dos valores crist\u00e3os. H\u00e1 poucos dias o pastor Jorge Linhares, em Belo Horizonte, foi convocado a se apresentar perante uma autoridade para se explicar por que afirmou que s\u00f3 existe o sexo masculino e [o] feminino. Se as coisas continuarem assim, muito em breve seremos impedidos de falar de Jesus e [de] proclamar as boas novas do evangelho \u2013 afirmou.<\/p>\n\n\n\n<p><strong>LEIA O PRONUNCIAMENTO DO ARCEBISPO NA \u00cdNTEGRA<\/strong><br><em>Tenho estado muito preocupado e triste por tantos fatos que v\u00eam acontecendo no Brasil de hoje. Estamos vivendo dias muito dif\u00edceis. H\u00e1 uma escalada de autoritarismo nunca vista. Parece que n\u00e3o h\u00e1 mais seguran\u00e7a jur\u00eddica na nossa terra. Direitos individuais est\u00e3o sendo suprimidos.<\/em><\/p>\n\n\n\n<p><em>Quem emitir opini\u00e3o diferente de um um certo Tribunal composto por pessoas que n\u00e3o foram eleitas para nos governar est\u00e1 sujeito \u00e0 persegui\u00e7\u00e3o e pris\u00e3o. Jornalistas independentes t\u00eam sua liberdade suprimida, canais de comunica\u00e7\u00e3o s\u00e3o desmonetizados ou retirados do ar. Estamos sendo impedidos de manifestar com liberdade nossas opini\u00f5es. Mais do que isso, est\u00e3o querendo calar as nossas vozes.<\/em><\/p>\n\n\n\n<p><em>Como crist\u00e3os, n\u00f3s, l\u00edderes, pastores e bispos, precisamos nos posicionar. N\u00e3o podemos ficar calados. Martinho Lutero, reformador do s\u00e9culo XVI dizia: \u201cA paz, se poss\u00edvel; a verdade a qualquer pre\u00e7o\u201d.<\/em><\/p>\n\n\n\n<p><em>Algu\u00e9m poderia questionar: \u201cMas, bispo, o senhor n\u00e3o deveria falar assim, pois h\u00e1 gente na igreja que pensa diferente\u201d.&nbsp;<\/em><em>Mas diferente do qu\u00ea? N\u00f3s n\u00e3o concordamos com o aborto, com corrup\u00e7\u00e3o, sexualiza\u00e7\u00e3o precoce, roubalheira, linguagem neutra na l\u00edngua portuguesa, ideologia de g\u00eanero. Se h\u00e1 algu\u00e9m que n\u00e3o entende assim, \u00e9 sinal [de] que n\u00e3o entendeu nada dos ensinos de Cristo e o que tenho pregado durante 47 anos nessa Catedral.<\/em><\/p>\n\n\n\n<p><em>Se n\u00e3o falarmos, em breve seremos proibidos de declarar a nossa f\u00e9, at\u00e9 mesmo nas igrejas.<\/em><\/p>\n\n\n\n<p><em>B\u00edblia e crucifixos est\u00e3o sendo retirados das escolas. Recentemente um col\u00e9gio em Aldeia \u2013 Camaragibe, Pernambuco \u2013 foi ridicularizado pela m\u00eddia por se posicionar a favor dos valores crist\u00e3os.<\/em><\/p>\n\n\n\n<p><em>H\u00e1 poucos dias, o pastor Jorge Linhares, em Belo Horizonte, foi convocado a se apresentar perante uma autoridade para se explicar por que afirmou que s\u00f3 existe o sexo masculino e [o] feminino.<\/em><\/p>\n\n\n\n<p><em>Se as coisas continuarem assim, muito em breve seremos impedidos de falar de Jesus e proclamar as boas novas do evangelho.<\/em><\/p>\n\n\n\n<p><em>Conclamo todo o povo crist\u00e3o, em particular a Igreja Episcopal Carism\u00e1tica, da qual sou o arcebispo e primaz, a lutar pela nossa liberdade, esse dom supremo que nosso Senhor Jesus Cristo nos conferiu.<\/em><\/p>\n\n\n\n<p><em>Vamos orar e jejuar suplicando a Deus for\u00e7a, coragem e un\u00e7\u00e3o para construirmos uma na\u00e7\u00e3o sedimentada nos valores b\u00edblicos. N\u00e3o podemos negociar a nossa f\u00e9.<\/em><\/p>\n\n\n\n<p><em>Jesus \u00e9 o homem que esse pa\u00eds precisa. Ou \u00e9 Cristo, ou \u00e9 o caos!<\/em><\/p>\n\n\n\n<p><em>E que para tanto nos ajude o Senhor!<\/em><\/p>\n\n\n\n<p><em>\u201cFeliz \u00e9 a na\u00e7\u00e3o cujo Deus \u00e9 o Senhor\u201d (Salmo 33:12).<\/em><\/p>\n\n\n\n<p><em>Dom Paulo Garcia<\/em><br><em>Arcebispo e Primaz da&nbsp;<\/em><em>Igreja Episcopal Carism\u00e1tica&nbsp;<\/em><em>do Brasil<\/em><\/p>\n\n\n\n<p><em>Recife, 22 de agosto de 2021.<\/em><\/p>\n","protected":false},"excerpt":{"rendered":"<p>O arcebispo Paulo Garcia, da Igreja Episcopal Carism\u00e1tica do Brasil, divulgou um pronunciamento em que lan\u00e7a duras cr\u00edticas \u00e0 conduta dos ministros do Supremo Tribunal Federal (STF). O l\u00edder religioso relatou estar \u201cpreocupado\u201d com o destino do pa\u00eds. \u2013 Tenho estado muito preocupado e triste por tantos fatos que v\u00eam acontecendo no Brasil de hoje. [&hellip;]<\/p>\n","protected":false},"author":2,"featured_media":9239,"comment_status":"open","ping_status":"open","sticky":false,"template":"","format":"standard","meta":[],"categories":[5],"tags":[14],"_links":{"self":[{"href":"https:\/\/dgospel.com.br\/portal\/index.php\/wp-json\/wp\/v2\/posts\/9238"}],"collection":[{"href":"https:\/\/dgospel.com.br\/portal\/index.php\/wp-json\/wp\/v2\/posts"}],"about":[{"href":"https:\/\/dgospel.com.br\/portal\/index.php\/wp-json\/wp\/v2\/types\/post"}],"author":[{"embeddable":true,"href":"https:\/\/dgospel.com.br\/portal\/index.php\/wp-json\/wp\/v2\/users\/2"}],"replies":[{"embeddable":true,"href":"https:\/\/dgospel.com.br\/portal\/index.php\/wp-json\/wp\/v2\/comments?post=9238"}],"version-history":[{"count":1,"href":"https:\/\/dgospel.com.br\/portal\/index.php\/wp-json\/wp\/v2\/posts\/9238\/revisions"}],"predecessor-version":[{"id":9240,"href":"https:\/\/dgospel.com.br\/portal\/index.php\/wp-json\/wp\/v2\/posts\/9238\/revisions\/9240"}],"wp:featuredmedia":[{"embeddable":true,"href":"https:\/\/dgospel.com.br\/portal\/index.php\/wp-json\/wp\/v2\/media\/9239"}],"wp:attachment":[{"href":"https:\/\/dgospel.com.br\/portal\/index.php\/wp-json\/wp\/v2\/media?parent=9238"}],"wp:term":[{"taxonomy":"category","embeddable":true,"href":"https:\/\/dgospel.com.br\/portal\/index.php\/wp-json\/wp\/v2\/categories?post=9238"},{"taxonomy":"post_tag","embeddable":true,"href":"https:\/\/dgospel.com.br\/portal\/index.php\/wp-json\/wp\/v2\/tags?post=9238"}],"curies":[{"name":"wp","href":"https:\/\/api.w.org\/{rel}","templated":true}]}}