{"id":9241,"date":"2021-08-24T17:03:09","date_gmt":"2021-08-24T20:03:09","guid":{"rendered":"http:\/\/dgospel.com.br\/portal\/?p=9241"},"modified":"2021-08-24T17:03:11","modified_gmt":"2021-08-24T20:03:11","slug":"governo-do-tocantins-recebe-propostas-de-entidades-sem-fins-lucrativos-para-execucao-do-projeto-jovem-trabalhador","status":"publish","type":"post","link":"https:\/\/dgospel.com.br\/portal\/index.php\/2021\/08\/24\/governo-do-tocantins-recebe-propostas-de-entidades-sem-fins-lucrativos-para-execucao-do-projeto-jovem-trabalhador\/","title":{"rendered":"Governo do Tocantins recebe propostas de entidades sem fins lucrativos para execu\u00e7\u00e3o do Projeto Jovem Trabalhador"},"content":{"rendered":"\n<p>O Governo do Tocantins, por meio da Secretaria de Estado do Trabalho e Desenvolvimento Social (Setas), receber\u00e1 at\u00e9 esta sexta-feira, 27, propostas para sele\u00e7\u00e3o e contrata\u00e7\u00e3o de entidade privada sem fins lucrativos, ligada \u00e0 assist\u00eancia e \u00e0 educa\u00e7\u00e3o profissional dos adolescentes para executar o&nbsp;<em>Projeto Jovem Trabalhador<\/em>, que garantir\u00e1 o direito \u00e0 educa\u00e7\u00e3o e ao trabalho formal remunerado a cerca de 5 mil Jovens, em conformidade com a Consolida\u00e7\u00e3o das Leis Trabalhistas (CLT), com contrato de at\u00e9 24 meses.<\/p>\n\n\n\n<p>Para o secret\u00e1rio da Setas, Jos\u00e9 Messias Ara\u00fajo, mais importante que a contrata\u00e7\u00e3o \u00e9 a qualifica\u00e7\u00e3o e a gera\u00e7\u00e3o de renda que essa contrata\u00e7\u00e3o proporciona. \u201cEste projeto d\u00e1 a oportunidade do primeiro emprego formal remunerado, o acesso \u00e0 qualifica\u00e7\u00e3o profissional e o atendimento psicossocial e psicopedag\u00f3gico aos jovens trabalhadores, promovendo a inclus\u00e3o de jovem trabalhador com defici\u00eancia no mercado de trabalho, a inclus\u00e3o de jovem trabalhador em cumprimento ou egresso de medida socioeducativa no mercado de trabalho e a inclus\u00e3o de jovem trabalhador em vulnerabilidade social. A inclus\u00e3o desses jovens \u00e9 um resgate de cidadania para essa parcela da popula\u00e7\u00e3o que necessita de oportunidades e anseia por responsabilidades e aprendizado\u201d, assegura.<\/p>\n\n\n\n<p>As entidades privadas sem fins lucrativos que queiram participar precisam estar inscritas no Conselho Municipal dos Direitos da Crian\u00e7a e do Adolescente de Palmas, e com registro e cursos validados no Cadastro Nacional de Aprendizagem da Secretaria Especial de Previd\u00eancia e Trabalho do Minist\u00e9rio da Economia.<\/p>\n\n\n\n<p>O Termo de Refer\u00eancia pode ser solicitado pelos telefones 3218-1919\/1905, e as propostas podem ser entregues no protocolo da Setas ou pelo e-mail:&nbsp;<a href=\"mailto:compras.setas@gmail.com\">compras.setas@gmail.com<\/a>.<\/p>\n\n\n\n<p><strong>Projeto Jovem Trabalhador<\/strong><\/p>\n\n\n\n<p>O projeto&nbsp;<em>Jovem Trabalhador<\/em>&nbsp;\u00e9 uma iniciativa do Governo do Tocantins, por meio da Setas, que objetiva o enfrentamento ao desemprego e a redu\u00e7\u00e3o das taxas de informalidade, oportunizando vagas de emprego aos jovens de 16 a 21 anos, nos 139 munic\u00edpios tocantinenses. O projeto \u00e9 parte integrante do programa do Governodo Tocantins<em>Tocando em Frente,&nbsp;<\/em>lan\u00e7ado em julho deste ano.<\/p>\n\n\n\n<figure class=\"wp-block-image\"><img src=\"https:\/\/central.to.gov.br\/image\/257301?w=565&amp;h=349\" alt=\"\"\/><\/figure>\n\n\n\n<p>Secret\u00e1rio Jos\u00e9 Messias destacou que o mais importante \u00e9 a qualifica\u00e7\u00e3o e a gera\u00e7\u00e3o de renda que essa contrata\u00e7\u00e3o proporciona &#8211; Trabalho\/Governo do Tocantins\n\n<\/p>\n","protected":false},"excerpt":{"rendered":"<p>O Governo do Tocantins, por meio da Secretaria de Estado do Trabalho e Desenvolvimento Social (Setas), receber\u00e1 at\u00e9 esta sexta-feira, 27, propostas para sele\u00e7\u00e3o e contrata\u00e7\u00e3o de entidade privada sem fins lucrativos, ligada \u00e0 assist\u00eancia e \u00e0 educa\u00e7\u00e3o profissional dos adolescentes para executar o&nbsp;Projeto Jovem Trabalhador, que garantir\u00e1 o direito \u00e0 educa\u00e7\u00e3o e ao trabalho [&hellip;]<\/p>\n","protected":false},"author":2,"featured_media":9242,"comment_status":"open","ping_status":"open","sticky":false,"template":"","format":"standard","meta":[],"categories":[3],"tags":[13],"_links":{"self":[{"href":"https:\/\/dgospel.com.br\/portal\/index.php\/wp-json\/wp\/v2\/posts\/9241"}],"collection":[{"href":"https:\/\/dgospel.com.br\/portal\/index.php\/wp-json\/wp\/v2\/posts"}],"about":[{"href":"https:\/\/dgospel.com.br\/portal\/index.php\/wp-json\/wp\/v2\/types\/post"}],"author":[{"embeddable":true,"href":"https:\/\/dgospel.com.br\/portal\/index.php\/wp-json\/wp\/v2\/users\/2"}],"replies":[{"embeddable":true,"href":"https:\/\/dgospel.com.br\/portal\/index.php\/wp-json\/wp\/v2\/comments?post=9241"}],"version-history":[{"count":1,"href":"https:\/\/dgospel.com.br\/portal\/index.php\/wp-json\/wp\/v2\/posts\/9241\/revisions"}],"predecessor-version":[{"id":9243,"href":"https:\/\/dgospel.com.br\/portal\/index.php\/wp-json\/wp\/v2\/posts\/9241\/revisions\/9243"}],"wp:featuredmedia":[{"embeddable":true,"href":"https:\/\/dgospel.com.br\/portal\/index.php\/wp-json\/wp\/v2\/media\/9242"}],"wp:attachment":[{"href":"https:\/\/dgospel.com.br\/portal\/index.php\/wp-json\/wp\/v2\/media?parent=9241"}],"wp:term":[{"taxonomy":"category","embeddable":true,"href":"https:\/\/dgospel.com.br\/portal\/index.php\/wp-json\/wp\/v2\/categories?post=9241"},{"taxonomy":"post_tag","embeddable":true,"href":"https:\/\/dgospel.com.br\/portal\/index.php\/wp-json\/wp\/v2\/tags?post=9241"}],"curies":[{"name":"wp","href":"https:\/\/api.w.org\/{rel}","templated":true}]}}