{"id":9250,"date":"2021-08-25T10:05:01","date_gmt":"2021-08-25T13:05:01","guid":{"rendered":"http:\/\/dgospel.com.br\/portal\/?p=9250"},"modified":"2021-08-25T10:05:03","modified_gmt":"2021-08-25T13:05:03","slug":"bolsonaro-conversa-com-grupo-evangelico-e-recebe-oracao","status":"publish","type":"post","link":"https:\/\/dgospel.com.br\/portal\/index.php\/2021\/08\/25\/bolsonaro-conversa-com-grupo-evangelico-e-recebe-oracao\/","title":{"rendered":"Bolsonaro conversa com grupo evang\u00e9lico e recebe ora\u00e7\u00e3o"},"content":{"rendered":"\n<p> Na tarde desta ter\u00e7a-feira (24), o presidente Jair Bolsonaro conversou com um grupo evang\u00e9lico, no lado de fora do Pal\u00e1cio da Alvorada. <\/p>\n\n\n\n<p> O presidente falou sobre os desafios do governo federal e recebeu ora\u00e7\u00e3o. Ele tamb\u00e9m pediu que o grupo cantasse. <\/p>\n\n\n\n<figure class=\"wp-block-image\"><img src=\"https:\/\/static.cdn.pleno.news\/2021\/08\/Screenshot_60-1024x513.png\" alt=\"\" class=\"wp-image-789745\"\/><\/figure>\n\n\n\n<p>Bolsonaro conversou com grupo evang\u00e9lico e recebeu ora\u00e7\u00e3o\u00a0Foto: Reprodu\u00e7\u00e3o\/Facebook\/Jair Bolsonaro <\/p>\n\n\n\n<p>O encontro foi registrado em uma transmiss\u00e3o ao vivo de Bolsonaro, no Facebook. Questionada pelo chefe do Executivo, uma integrante explicou que ali estava o Grupo EMME \u2013 Escola de Minist\u00e9rio de M\u00fasica e Evangelismo, vinculado \u00e0 Organiza\u00e7\u00e3o Palavra da Vida.<\/p>\n\n\n\n<p>O Grupo EMME viaja pelo Brasil, fazendo apresenta\u00e7\u00f5es de m\u00fasica e teatro em igrejas, pres\u00eddios, escolas, e asilos.<\/p>\n\n\n\n<figure class=\"wp-block-embed-youtube wp-block-embed is-type-video is-provider-youtube wp-embed-aspect-16-9 wp-has-aspect-ratio\"><div class=\"wp-block-embed__wrapper\">\n<iframe loading=\"lazy\" title=\"AOVIVO:  Bolsonaro recebe Coral de Jovens do &quot;Grupo EMME &quot; que cantam m\u00fasicas Gospel\" width=\"630\" height=\"354\" src=\"https:\/\/www.youtube.com\/embed\/QTFo8tH5zrc?feature=oembed\" frameborder=\"0\" allow=\"accelerometer; autoplay; clipboard-write; encrypted-media; gyroscope; picture-in-picture\" allowfullscreen><\/iframe>\n<\/div><\/figure>\n\n\n\n<p><br><\/p>\n","protected":false},"excerpt":{"rendered":"<p>Na tarde desta ter\u00e7a-feira (24), o presidente Jair Bolsonaro conversou com um grupo evang\u00e9lico, no lado de fora do Pal\u00e1cio da Alvorada. O presidente falou sobre os desafios do governo federal e recebeu ora\u00e7\u00e3o. Ele tamb\u00e9m pediu que o grupo cantasse. Bolsonaro conversou com grupo evang\u00e9lico e recebeu ora\u00e7\u00e3o\u00a0Foto: Reprodu\u00e7\u00e3o\/Facebook\/Jair Bolsonaro O encontro foi registrado [&hellip;]<\/p>\n","protected":false},"author":2,"featured_media":9251,"comment_status":"open","ping_status":"open","sticky":false,"template":"","format":"standard","meta":[],"categories":[5],"tags":[],"_links":{"self":[{"href":"https:\/\/dgospel.com.br\/portal\/index.php\/wp-json\/wp\/v2\/posts\/9250"}],"collection":[{"href":"https:\/\/dgospel.com.br\/portal\/index.php\/wp-json\/wp\/v2\/posts"}],"about":[{"href":"https:\/\/dgospel.com.br\/portal\/index.php\/wp-json\/wp\/v2\/types\/post"}],"author":[{"embeddable":true,"href":"https:\/\/dgospel.com.br\/portal\/index.php\/wp-json\/wp\/v2\/users\/2"}],"replies":[{"embeddable":true,"href":"https:\/\/dgospel.com.br\/portal\/index.php\/wp-json\/wp\/v2\/comments?post=9250"}],"version-history":[{"count":1,"href":"https:\/\/dgospel.com.br\/portal\/index.php\/wp-json\/wp\/v2\/posts\/9250\/revisions"}],"predecessor-version":[{"id":9252,"href":"https:\/\/dgospel.com.br\/portal\/index.php\/wp-json\/wp\/v2\/posts\/9250\/revisions\/9252"}],"wp:featuredmedia":[{"embeddable":true,"href":"https:\/\/dgospel.com.br\/portal\/index.php\/wp-json\/wp\/v2\/media\/9251"}],"wp:attachment":[{"href":"https:\/\/dgospel.com.br\/portal\/index.php\/wp-json\/wp\/v2\/media?parent=9250"}],"wp:term":[{"taxonomy":"category","embeddable":true,"href":"https:\/\/dgospel.com.br\/portal\/index.php\/wp-json\/wp\/v2\/categories?post=9250"},{"taxonomy":"post_tag","embeddable":true,"href":"https:\/\/dgospel.com.br\/portal\/index.php\/wp-json\/wp\/v2\/tags?post=9250"}],"curies":[{"name":"wp","href":"https:\/\/api.w.org\/{rel}","templated":true}]}}