{"id":9257,"date":"2021-08-27T15:12:27","date_gmt":"2021-08-27T18:12:27","guid":{"rendered":"http:\/\/dgospel.com.br\/portal\/?p=9257"},"modified":"2021-08-27T15:12:29","modified_gmt":"2021-08-27T18:12:29","slug":"o-exercito-nunca-faltara-ao-seu-povo-destaca-jair-bolsonaro","status":"publish","type":"post","link":"https:\/\/dgospel.com.br\/portal\/index.php\/2021\/08\/27\/o-exercito-nunca-faltara-ao-seu-povo-destaca-jair-bolsonaro\/","title":{"rendered":"\u201cO Ex\u00e9rcito nunca faltar\u00e1 ao seu povo\u201d, destaca Jair Bolsonaro"},"content":{"rendered":"\n<p> Nesta quinta-feira (26), o presidente Jair Bolsonaro destacou que \u201co Ex\u00e9rcito nunca faltar\u00e1 ao seu povo\u201d. Ele deu declara\u00e7\u00f5es durante uma solenidade alusiva ao Dia Nacional do Voluntariado, no Pal\u00e1cio do Planalto.<\/p>\n\n\n\n<p> \u2013 Esse Ex\u00e9rcito que nunca faltou ao seu povo, nos momentos, [ministro] Ramos, mais dif\u00edceis que ele passou \u2013 disse o chefe do Executivo. <\/p>\n\n\n\n<p>Durante o discurso, Bolsonaro tamb\u00e9m lembrou de seu tempo nas For\u00e7as Armadas.<\/p>\n\n\n\n<p>\u2013 E o Ex\u00e9rcito que nunca faltar\u00e1 ao seu povo. Por que eu posso falar isso? N\u00e3o \u00e9 porque eu sou o presidente, o chefe das For\u00e7as Armadas. \u00c9 porque eu fiquei 15 anos dentro do nosso Ex\u00e9rcito Brasileiro. E sei o que essas pessoas pensam, sei das suas responsabilidades, que s\u00e3o enormes. Em dados momentos, que a Hist\u00f3ria faz realmente fazer valer, no cora\u00e7\u00e3o e na alma dessas pessoas para ajudar o seu pr\u00f3ximo \u2013 acrescentou.<\/p>\n\n\n\n<figure class=\"wp-block-embed-youtube wp-block-embed is-type-video is-provider-youtube wp-embed-aspect-16-9 wp-has-aspect-ratio\"><div class=\"wp-block-embed__wrapper\">\n<iframe loading=\"lazy\" title=\"#AoVivo: Dia Nacional do Voluntariado\" width=\"630\" height=\"354\" src=\"https:\/\/www.youtube.com\/embed\/y8VxbmPN6P8?feature=oembed\" frameborder=\"0\" allow=\"accelerometer; autoplay; clipboard-write; encrypted-media; gyroscope; picture-in-picture\" allowfullscreen><\/iframe>\n<\/div><\/figure>\n\n\n\n<p> <\/p>\n","protected":false},"excerpt":{"rendered":"<p>Nesta quinta-feira (26), o presidente Jair Bolsonaro destacou que \u201co Ex\u00e9rcito nunca faltar\u00e1 ao seu povo\u201d. Ele deu declara\u00e7\u00f5es durante uma solenidade alusiva ao Dia Nacional do Voluntariado, no Pal\u00e1cio do Planalto. \u2013 Esse Ex\u00e9rcito que nunca faltou ao seu povo, nos momentos, [ministro] Ramos, mais dif\u00edceis que ele passou \u2013 disse o chefe do [&hellip;]<\/p>\n","protected":false},"author":2,"featured_media":9258,"comment_status":"open","ping_status":"open","sticky":false,"template":"","format":"standard","meta":[],"categories":[4],"tags":[13,14],"_links":{"self":[{"href":"https:\/\/dgospel.com.br\/portal\/index.php\/wp-json\/wp\/v2\/posts\/9257"}],"collection":[{"href":"https:\/\/dgospel.com.br\/portal\/index.php\/wp-json\/wp\/v2\/posts"}],"about":[{"href":"https:\/\/dgospel.com.br\/portal\/index.php\/wp-json\/wp\/v2\/types\/post"}],"author":[{"embeddable":true,"href":"https:\/\/dgospel.com.br\/portal\/index.php\/wp-json\/wp\/v2\/users\/2"}],"replies":[{"embeddable":true,"href":"https:\/\/dgospel.com.br\/portal\/index.php\/wp-json\/wp\/v2\/comments?post=9257"}],"version-history":[{"count":1,"href":"https:\/\/dgospel.com.br\/portal\/index.php\/wp-json\/wp\/v2\/posts\/9257\/revisions"}],"predecessor-version":[{"id":9259,"href":"https:\/\/dgospel.com.br\/portal\/index.php\/wp-json\/wp\/v2\/posts\/9257\/revisions\/9259"}],"wp:featuredmedia":[{"embeddable":true,"href":"https:\/\/dgospel.com.br\/portal\/index.php\/wp-json\/wp\/v2\/media\/9258"}],"wp:attachment":[{"href":"https:\/\/dgospel.com.br\/portal\/index.php\/wp-json\/wp\/v2\/media?parent=9257"}],"wp:term":[{"taxonomy":"category","embeddable":true,"href":"https:\/\/dgospel.com.br\/portal\/index.php\/wp-json\/wp\/v2\/categories?post=9257"},{"taxonomy":"post_tag","embeddable":true,"href":"https:\/\/dgospel.com.br\/portal\/index.php\/wp-json\/wp\/v2\/tags?post=9257"}],"curies":[{"name":"wp","href":"https:\/\/api.w.org\/{rel}","templated":true}]}}