{"id":9266,"date":"2021-08-28T11:31:42","date_gmt":"2021-08-28T14:31:42","guid":{"rendered":"http:\/\/dgospel.com.br\/portal\/?p=9266"},"modified":"2021-08-28T11:31:43","modified_gmt":"2021-08-28T14:31:43","slug":"governador-mauro-carlesse-nomeia-novo-procurador-geral-do-estado","status":"publish","type":"post","link":"https:\/\/dgospel.com.br\/portal\/index.php\/2021\/08\/28\/governador-mauro-carlesse-nomeia-novo-procurador-geral-do-estado\/","title":{"rendered":"Governador Mauro Carlesse nomeia novo procurador-geral do Estado"},"content":{"rendered":"\n<p>O procurador Elfas Cavalcante Lustosa Arag\u00e3o Elvas \u00e9 o novo procurador-geral do Estado. A nomea\u00e7\u00e3o foi publicada no Di\u00e1rio Oficial do Estado, edi\u00e7\u00e3o desta sexta-feira, 27. Elfas Elvas assume a vaga anteriormente ocupada por Nivair Borges, exonerado a pedido na \u00faltima sexta-feira, 20.<\/p>\n\n\n\n<p>O governador do Estado do Tocantins, Mauro Carlesse, destaca que a escolha foi puramente t\u00e9cnica. \u201cConhecemos o trabalho desenvolvido pelo procurador Elfas Elvas, que tem um perfil t\u00e9cnico e muita compet\u00eancia e, por isso, temos certeza de que ele dar\u00e1 continuidade ao que o procurador Nivair Borges vinha fazendo \u00e0 frente da PGE. Fazemos votos para que o novo procurador exer\u00e7a o cargo com maestria\u201d, destaca.<\/p>\n\n\n\n<p><strong>Perfil<\/strong><\/p>\n\n\n\n<p>Procurador do Estado do Tocantins desde janeiro de 2008, Elfas Elvas \u00e9 bacharel em Direito pela Universidade do Distrito Federal (UDF) e p\u00f3s-graduado em Direito P\u00fablico pela Universidade do Planalto Central. J\u00e1 atuou como presidente do Conselho Fiscal do Instituto de Previd\u00eancia do Estado do Tocantins (IGEPREV); procurador junto a Comiss\u00e3o de Licita\u00e7\u00e3o do Estado do Tocantins; procurador junto \u00e0 Assessoria Especial do PGE;&nbsp; coordenador da Procuradoria Fiscal e Tribut\u00e1ria da PGE; conselheiro do Conselho Administrativo de Recursos Fiscais (CARF); procurador do N\u00facleo de Grandes Devedores da Subprocuradoria Fiscal e Tribut\u00e1ria; e atualmente Procurador do Estado lotado na Subprocuradoria do Estado do Tocantins em Bras\u00edlia. Al\u00e9m disso, \u00e9 membro do Conselho Seccional da Ordem dos Advogados do Brasil no Tocantins (OAB-TO); presidente da Comiss\u00e3o de Direito Notarial da OAB-TO e membro da Comiss\u00e3o Nacional de Direito Notarial e Registral da OAB Nacional.<\/p>\n","protected":false},"excerpt":{"rendered":"<p>O procurador Elfas Cavalcante Lustosa Arag\u00e3o Elvas \u00e9 o novo procurador-geral do Estado. A nomea\u00e7\u00e3o foi publicada no Di\u00e1rio Oficial do Estado, edi\u00e7\u00e3o desta sexta-feira, 27. Elfas Elvas assume a vaga anteriormente ocupada por Nivair Borges, exonerado a pedido na \u00faltima sexta-feira, 20. O governador do Estado do Tocantins, Mauro Carlesse, destaca que a escolha [&hellip;]<\/p>\n","protected":false},"author":2,"featured_media":9267,"comment_status":"open","ping_status":"open","sticky":false,"template":"","format":"standard","meta":[],"categories":[4],"tags":[13],"_links":{"self":[{"href":"https:\/\/dgospel.com.br\/portal\/index.php\/wp-json\/wp\/v2\/posts\/9266"}],"collection":[{"href":"https:\/\/dgospel.com.br\/portal\/index.php\/wp-json\/wp\/v2\/posts"}],"about":[{"href":"https:\/\/dgospel.com.br\/portal\/index.php\/wp-json\/wp\/v2\/types\/post"}],"author":[{"embeddable":true,"href":"https:\/\/dgospel.com.br\/portal\/index.php\/wp-json\/wp\/v2\/users\/2"}],"replies":[{"embeddable":true,"href":"https:\/\/dgospel.com.br\/portal\/index.php\/wp-json\/wp\/v2\/comments?post=9266"}],"version-history":[{"count":1,"href":"https:\/\/dgospel.com.br\/portal\/index.php\/wp-json\/wp\/v2\/posts\/9266\/revisions"}],"predecessor-version":[{"id":9268,"href":"https:\/\/dgospel.com.br\/portal\/index.php\/wp-json\/wp\/v2\/posts\/9266\/revisions\/9268"}],"wp:featuredmedia":[{"embeddable":true,"href":"https:\/\/dgospel.com.br\/portal\/index.php\/wp-json\/wp\/v2\/media\/9267"}],"wp:attachment":[{"href":"https:\/\/dgospel.com.br\/portal\/index.php\/wp-json\/wp\/v2\/media?parent=9266"}],"wp:term":[{"taxonomy":"category","embeddable":true,"href":"https:\/\/dgospel.com.br\/portal\/index.php\/wp-json\/wp\/v2\/categories?post=9266"},{"taxonomy":"post_tag","embeddable":true,"href":"https:\/\/dgospel.com.br\/portal\/index.php\/wp-json\/wp\/v2\/tags?post=9266"}],"curies":[{"name":"wp","href":"https:\/\/api.w.org\/{rel}","templated":true}]}}