{"id":9269,"date":"2021-08-28T11:47:21","date_gmt":"2021-08-28T14:47:21","guid":{"rendered":"http:\/\/dgospel.com.br\/portal\/?p=9269"},"modified":"2021-08-28T11:47:23","modified_gmt":"2021-08-28T14:47:23","slug":"bolsonaro-critica-incendio-esse-tipo-de-gente-quer-voltar-ao-poder","status":"publish","type":"post","link":"https:\/\/dgospel.com.br\/portal\/index.php\/2021\/08\/28\/bolsonaro-critica-incendio-esse-tipo-de-gente-quer-voltar-ao-poder\/","title":{"rendered":"Bolsonaro critica inc\u00eandio: \u2018Esse tipo de gente quer voltar ao poder\u2019"},"content":{"rendered":"\n<p>\n\nAp\u00f3s um grupo de manifestantes ind\u00edgenas atear fogo em um caix\u00e3o gigante, em frente ao Pal\u00e1cio do Planalto, o presidente Jair Bolsonaro utilizou as redes sociais para condenar o ato. Em sua conta do Twitter, ele publicou um v\u00eddeo do protesto e disse que \u201cesse tipo de gente quer voltar ao poder\u201d.\n\n<\/p>\n\n\n\n<figure class=\"wp-block-image\"><img src=\"https:\/\/static.cdn.pleno.news\/2021\/08\/FTA20210827097-1024x683.jpg\" alt=\"\" class=\"wp-image-791869\"\/><figcaption>Presidente Jair Bolsonaro condenou protestos em Bras\u00edlia&nbsp;Foto: Fotoarena\/Antonio Molina<\/figcaption><\/figure>\n\n\n\n<p>O protesto de ind\u00edgenas foi realizado na manh\u00e3 desta sexta-feira (27) e teve como objetivo mostrar oposi\u00e7\u00e3o ao chamado \u201cmarco temporal\u201d. Com a aprova\u00e7\u00e3o da proposta, os ind\u00edgenas poder\u00e3o reivindicar apenas as terras que j\u00e1 estavam ocupadas por eles at\u00e9 o momento em que a Constitui\u00e7\u00e3o de 1988 foi promulgada.<\/p>\n\n\n\n<figure class=\"wp-block-image\"><img src=\"https:\/\/static.cdn.pleno.news\/2021\/08\/Bolson-1024x591.png\" alt=\"\" class=\"wp-image-791865\"\/><figcaption>Presidente Jair Bolsonaro condenou protestos em Bras\u00edlia&nbsp;Foto: Reprodu\u00e7\u00e3o<\/figcaption><\/figure>\n\n\n\n<p>Ao criticar os atos, Bolsonaro apontou que os manifestantes s\u00e3o auxiliados por aqueles que \u201ccensuram, prendem e atacam os defensores\u201d da Constitui\u00e7\u00e3o e da liberdade.<\/p>\n\n\n\n<p>\u2013 Agora, em frente \u00e0 Presid\u00eancia da Rep\u00fablica. Esse tipo de gente quer voltar ao poder com ajuda daqueles que censuram, prendem e atacam os defensores da CF e da liberdade. No momento, me encontro no Comando de Opera\u00e7\u00f5es Especiais em Goi\u00e2nia\/GO \u2013 escreveu.<\/p>\n\n\n\n<figure class=\"wp-block-embed-twitter wp-block-embed is-type-rich is-provider-twitter\"><div class=\"wp-block-embed__wrapper\">\n<blockquote class=\"twitter-tweet\" data-width=\"550\" data-dnt=\"true\"><p lang=\"pt\" dir=\"ltr\">&#8211; Agora, em frente a Presid\u00eancia da Rep\u00fablica. Esse tipo de gente quer voltar ao Poder com ajudado daqueles que censuram, prendem e atacam os defensores da CF e da liberdade.<br><br>&#8211; No momento me encontro no Comando de Opera\u00e7\u00f5es Especiais  em Goi\u00e2nia\/GO.<br><br>&#8211; Presidente Jair Bolsonaro. <a href=\"https:\/\/t.co\/rRSl247iHg\">pic.twitter.com\/rRSl247iHg<\/a><\/p>&mdash; Jair M. Bolsonaro (@jairbolsonaro) <a href=\"https:\/\/twitter.com\/jairbolsonaro\/status\/1431287001148428288?ref_src=twsrc%5Etfw\">August 27, 2021<\/a><\/blockquote><script async src=\"https:\/\/platform.twitter.com\/widgets.js\" charset=\"utf-8\"><\/script>\n<\/div><\/figure>\n","protected":false},"excerpt":{"rendered":"<p>Ap\u00f3s um grupo de manifestantes ind\u00edgenas atear fogo em um caix\u00e3o gigante, em frente ao Pal\u00e1cio do Planalto, o presidente Jair Bolsonaro utilizou as redes sociais para condenar o ato. Em sua conta do Twitter, ele publicou um v\u00eddeo do protesto e disse que \u201cesse tipo de gente quer voltar ao poder\u201d. O protesto de [&hellip;]<\/p>\n","protected":false},"author":2,"featured_media":9270,"comment_status":"open","ping_status":"open","sticky":false,"template":"","format":"standard","meta":[],"categories":[4],"tags":[],"_links":{"self":[{"href":"https:\/\/dgospel.com.br\/portal\/index.php\/wp-json\/wp\/v2\/posts\/9269"}],"collection":[{"href":"https:\/\/dgospel.com.br\/portal\/index.php\/wp-json\/wp\/v2\/posts"}],"about":[{"href":"https:\/\/dgospel.com.br\/portal\/index.php\/wp-json\/wp\/v2\/types\/post"}],"author":[{"embeddable":true,"href":"https:\/\/dgospel.com.br\/portal\/index.php\/wp-json\/wp\/v2\/users\/2"}],"replies":[{"embeddable":true,"href":"https:\/\/dgospel.com.br\/portal\/index.php\/wp-json\/wp\/v2\/comments?post=9269"}],"version-history":[{"count":1,"href":"https:\/\/dgospel.com.br\/portal\/index.php\/wp-json\/wp\/v2\/posts\/9269\/revisions"}],"predecessor-version":[{"id":9271,"href":"https:\/\/dgospel.com.br\/portal\/index.php\/wp-json\/wp\/v2\/posts\/9269\/revisions\/9271"}],"wp:featuredmedia":[{"embeddable":true,"href":"https:\/\/dgospel.com.br\/portal\/index.php\/wp-json\/wp\/v2\/media\/9270"}],"wp:attachment":[{"href":"https:\/\/dgospel.com.br\/portal\/index.php\/wp-json\/wp\/v2\/media?parent=9269"}],"wp:term":[{"taxonomy":"category","embeddable":true,"href":"https:\/\/dgospel.com.br\/portal\/index.php\/wp-json\/wp\/v2\/categories?post=9269"},{"taxonomy":"post_tag","embeddable":true,"href":"https:\/\/dgospel.com.br\/portal\/index.php\/wp-json\/wp\/v2\/tags?post=9269"}],"curies":[{"name":"wp","href":"https:\/\/api.w.org\/{rel}","templated":true}]}}