{"id":9281,"date":"2021-09-01T09:25:35","date_gmt":"2021-09-01T12:25:35","guid":{"rendered":"http:\/\/dgospel.com.br\/portal\/?p=9281"},"modified":"2021-09-01T09:25:36","modified_gmt":"2021-09-01T12:25:36","slug":"rubens-uchoa-tem-requerimento-aprovado-que-requer-aumento-de-musicos-por-apresentacao-em-shows-e-eventos-na-capital","status":"publish","type":"post","link":"https:\/\/dgospel.com.br\/portal\/index.php\/2021\/09\/01\/rubens-uchoa-tem-requerimento-aprovado-que-requer-aumento-de-musicos-por-apresentacao-em-shows-e-eventos-na-capital\/","title":{"rendered":"Rubens Uch\u00f4a tem requerimento aprovado que requer aumento de m\u00fasicos por apresenta\u00e7\u00e3o em shows e eventos na capital"},"content":{"rendered":"\n<p>O vice-presidente Rubens Uchoa, tem o requerimento 1884\/2021\nAPROVADO, que requer ao poder executivo municipal a altera\u00e7\u00e3o no decreto que\naumenta o quantitativo de m\u00fasicos por apresenta\u00e7\u00e3o ( shows, eventos, etc). <\/p>\n\n\n\n<p>Essa medida \u00e9 pertinente, tendo em vista as in\u00fameras\ndificuldades e necessidades que a categoria passou a sofrer pela calamidade\np\u00fablica e sanit\u00e1ria advinda da pandemia do novo coronav\u00edrus. <\/p>\n\n\n\n<p>O nobre vereador ressalta que a m\u00fasica \u00e9 um meio de\nsobreviv\u00eancia de muitos artistas de Palmas, e \u00e9 de suma import\u00e2ncia que o\nExecutivo volte os olhos a esse importante grupo social que foi o primeiro a\nparalisar suas atividades e a edi\u00e7\u00e3o do decreto ir\u00e1 contribuir com o\ndesenvolvimento econ\u00f4mico e social de quem vive e se mant\u00e9m dessa profiss\u00e3o. <\/p>\n\n\n\n<p>Em entrevista, afirmar que j\u00e1 s\u00e3o quase 2 anos de\nparalisa\u00e7\u00e3o das atividades, shows, eventos, e que isso de fato tem afetado n\u00e3o\ns\u00f3 a economia da nossa cidade mais tamb\u00e9m a vida e o dia a dia das fam\u00edlias que\ndependem de um m\u00fasico ou de profissionais do ramo art\u00edstico. <\/p>\n\n\n\n<p>O pedido \u00e9 que haja a altera\u00e7\u00e3o no decreto sanit\u00e1rio\nmunicipal, para que possam aumentar a quantidade de m\u00fasicos por apresenta\u00e7\u00e3o,\nhoje o decreto prever que apenas dois m\u00fasicos se apresentem no mesmo palco ou evento.\n<\/p>\n\n\n\n<p>O pedido \u00e9 para que n\u00e3o haja limite espec\u00edfico de m\u00fasicos\npor apresenta\u00e7\u00f5es, relatou o vereador requerente que tamb\u00e9m \u00e9 vice-presidente\nda c\u00e2mara de Palmas. <\/p>\n\n\n\n<p>Ascon- Wemerson Lima, jornalista<\/p>\n","protected":false},"excerpt":{"rendered":"<p>O vice-presidente Rubens Uchoa, tem o requerimento 1884\/2021 APROVADO, que requer ao poder executivo municipal a altera\u00e7\u00e3o no decreto que aumenta o quantitativo de m\u00fasicos por apresenta\u00e7\u00e3o ( shows, eventos, etc). Essa medida \u00e9 pertinente, tendo em vista as in\u00fameras dificuldades e necessidades que a categoria passou a sofrer pela calamidade p\u00fablica e sanit\u00e1ria advinda [&hellip;]<\/p>\n","protected":false},"author":2,"featured_media":9282,"comment_status":"open","ping_status":"open","sticky":false,"template":"","format":"standard","meta":[],"categories":[8],"tags":[13],"_links":{"self":[{"href":"https:\/\/dgospel.com.br\/portal\/index.php\/wp-json\/wp\/v2\/posts\/9281"}],"collection":[{"href":"https:\/\/dgospel.com.br\/portal\/index.php\/wp-json\/wp\/v2\/posts"}],"about":[{"href":"https:\/\/dgospel.com.br\/portal\/index.php\/wp-json\/wp\/v2\/types\/post"}],"author":[{"embeddable":true,"href":"https:\/\/dgospel.com.br\/portal\/index.php\/wp-json\/wp\/v2\/users\/2"}],"replies":[{"embeddable":true,"href":"https:\/\/dgospel.com.br\/portal\/index.php\/wp-json\/wp\/v2\/comments?post=9281"}],"version-history":[{"count":1,"href":"https:\/\/dgospel.com.br\/portal\/index.php\/wp-json\/wp\/v2\/posts\/9281\/revisions"}],"predecessor-version":[{"id":9283,"href":"https:\/\/dgospel.com.br\/portal\/index.php\/wp-json\/wp\/v2\/posts\/9281\/revisions\/9283"}],"wp:featuredmedia":[{"embeddable":true,"href":"https:\/\/dgospel.com.br\/portal\/index.php\/wp-json\/wp\/v2\/media\/9282"}],"wp:attachment":[{"href":"https:\/\/dgospel.com.br\/portal\/index.php\/wp-json\/wp\/v2\/media?parent=9281"}],"wp:term":[{"taxonomy":"category","embeddable":true,"href":"https:\/\/dgospel.com.br\/portal\/index.php\/wp-json\/wp\/v2\/categories?post=9281"},{"taxonomy":"post_tag","embeddable":true,"href":"https:\/\/dgospel.com.br\/portal\/index.php\/wp-json\/wp\/v2\/tags?post=9281"}],"curies":[{"name":"wp","href":"https:\/\/api.w.org\/{rel}","templated":true}]}}