{"id":9287,"date":"2021-09-01T09:49:58","date_gmt":"2021-09-01T12:49:58","guid":{"rendered":"http:\/\/dgospel.com.br\/portal\/?p=9287"},"modified":"2021-09-01T09:49:59","modified_gmt":"2021-09-01T12:49:59","slug":"governo-do-tocantins-assina-autorizacao-para-escrituracao-de-terreno-no-distrito-industrial-em-palmas","status":"publish","type":"post","link":"https:\/\/dgospel.com.br\/portal\/index.php\/2021\/09\/01\/governo-do-tocantins-assina-autorizacao-para-escrituracao-de-terreno-no-distrito-industrial-em-palmas\/","title":{"rendered":"Governo do Tocantins assina autoriza\u00e7\u00e3o para escritura\u00e7\u00e3o de terreno no Distrito Industrial em Palmas"},"content":{"rendered":"\n<p>Em cumprimento \u00e0s diretrizes do governador Mauro Carlesse e trabalhando para garantir seguran\u00e7a jur\u00eddica aos empres\u00e1rios que est\u00e3o instalados nos distritos industriais do Tocantins, o titular da Secretaria de Estado da Ind\u00fastria, Com\u00e9rcio e Servi\u00e7os (Sics) e presidente da Ag\u00eancia de Minera\u00e7\u00e3o do Estado do Tocantins (Ameto), Tom Lyra, assinou nesta ter\u00e7a-feira, 31, a autoriza\u00e7\u00e3o para escritura\u00e7\u00e3o de uma \u00e1rea no Distrito Industrial Tocantins I, localizado na Arse 55, em Palmas.<\/p>\n\n\n\n<p>O propriet\u00e1rio da \u00e1rea e empres\u00e1rio, Ant\u00f4nio Teixeira do Prado Filho, aguardava h\u00e1 mais de dez anos pela regulariza\u00e7\u00e3o e falou sobre a import\u00e2ncia dessa a\u00e7\u00e3o do Estado para assegurar a titula\u00e7\u00e3o destes terrenos. \u201cTrabalhamos h\u00e1 mais de dez anos no local, por conta da n\u00e3o escritura\u00e7\u00e3o da \u00e1rea, n\u00e3o pod\u00edamos fazer empr\u00e9stimos ou tentar financiamentos para a amplia\u00e7\u00e3o da empresa. Gra\u00e7as ao governador Mauro Carlesse e ao secret\u00e1rio Tom Lyra, hoje, podemos sonhar mais alto e com seguran\u00e7a quanto \u00e0 propriedade em que estamos implantados. Quero agradecer pelo esfor\u00e7o e pelo trabalho de ambos para a realiza\u00e7\u00e3o deste sonho\u201d, afirmou o empres\u00e1rio.<\/p>\n\n\n\n<p>Segundo o secret\u00e1rio Tom Lyra, a regulariza\u00e7\u00e3o desses terrenos \u00e9 fundamental para a garantia da seguran\u00e7a aos empres\u00e1rios e essa \u00e9 uma das metas definidas pelo governador Mauro Carlesse. \u201cTemos como objetivo formalizar a situa\u00e7\u00e3o dos empres\u00e1rios que est\u00e3o alocados nos distritos industriais pertencentes ao Estado.&nbsp;Temos trabalhado arduamente para cumprir essa determina\u00e7\u00e3o do governador Mauro Carlesse e como resultado desses esfor\u00e7os, muitas empresas j\u00e1 obtiveram a titula\u00e7\u00e3o de seus terrenos\u201d, pontuou.<\/p>\n","protected":false},"excerpt":{"rendered":"<p>Em cumprimento \u00e0s diretrizes do governador Mauro Carlesse e trabalhando para garantir seguran\u00e7a jur\u00eddica aos empres\u00e1rios que est\u00e3o instalados nos distritos industriais do Tocantins, o titular da Secretaria de Estado da Ind\u00fastria, Com\u00e9rcio e Servi\u00e7os (Sics) e presidente da Ag\u00eancia de Minera\u00e7\u00e3o do Estado do Tocantins (Ameto), Tom Lyra, assinou nesta ter\u00e7a-feira, 31, a autoriza\u00e7\u00e3o [&hellip;]<\/p>\n","protected":false},"author":2,"featured_media":9288,"comment_status":"open","ping_status":"open","sticky":false,"template":"","format":"standard","meta":[],"categories":[3],"tags":[13],"_links":{"self":[{"href":"https:\/\/dgospel.com.br\/portal\/index.php\/wp-json\/wp\/v2\/posts\/9287"}],"collection":[{"href":"https:\/\/dgospel.com.br\/portal\/index.php\/wp-json\/wp\/v2\/posts"}],"about":[{"href":"https:\/\/dgospel.com.br\/portal\/index.php\/wp-json\/wp\/v2\/types\/post"}],"author":[{"embeddable":true,"href":"https:\/\/dgospel.com.br\/portal\/index.php\/wp-json\/wp\/v2\/users\/2"}],"replies":[{"embeddable":true,"href":"https:\/\/dgospel.com.br\/portal\/index.php\/wp-json\/wp\/v2\/comments?post=9287"}],"version-history":[{"count":1,"href":"https:\/\/dgospel.com.br\/portal\/index.php\/wp-json\/wp\/v2\/posts\/9287\/revisions"}],"predecessor-version":[{"id":9289,"href":"https:\/\/dgospel.com.br\/portal\/index.php\/wp-json\/wp\/v2\/posts\/9287\/revisions\/9289"}],"wp:featuredmedia":[{"embeddable":true,"href":"https:\/\/dgospel.com.br\/portal\/index.php\/wp-json\/wp\/v2\/media\/9288"}],"wp:attachment":[{"href":"https:\/\/dgospel.com.br\/portal\/index.php\/wp-json\/wp\/v2\/media?parent=9287"}],"wp:term":[{"taxonomy":"category","embeddable":true,"href":"https:\/\/dgospel.com.br\/portal\/index.php\/wp-json\/wp\/v2\/categories?post=9287"},{"taxonomy":"post_tag","embeddable":true,"href":"https:\/\/dgospel.com.br\/portal\/index.php\/wp-json\/wp\/v2\/tags?post=9287"}],"curies":[{"name":"wp","href":"https:\/\/api.w.org\/{rel}","templated":true}]}}