{"id":9290,"date":"2021-09-01T11:08:09","date_gmt":"2021-09-01T14:08:09","guid":{"rendered":"http:\/\/dgospel.com.br\/portal\/?p=9290"},"modified":"2021-09-01T11:08:10","modified_gmt":"2021-09-01T14:08:10","slug":"amazonas-pode-ter-lei-que-proibe-uso-de-linguagem-neutra-em-escolas","status":"publish","type":"post","link":"https:\/\/dgospel.com.br\/portal\/index.php\/2021\/09\/01\/amazonas-pode-ter-lei-que-proibe-uso-de-linguagem-neutra-em-escolas\/","title":{"rendered":"Amazonas pode ter lei que pro\u00edbe uso de linguagem neutra em escolas"},"content":{"rendered":"\n<p>Um projeto de lei que est\u00e1 tramitando na Assembleia Legislativa do Amazonas (Aleam) quer proibir a utiliza\u00e7\u00e3o da \u201c<strong><a href=\"https:\/\/www.guiame.com.br\/gospel\/noticias\/uso-de-linguagem-neutra-e-proibido-nas-escolas-de-criciuma-em-sc.html\">linguagem neutra<\/a><\/strong>\u201d, do \u201cdialeto n\u00e3o bin\u00e1rio\u201d ou de qualquer outra express\u00e3o que descaracterize o uso da norma culta da L\u00edngua Portuguesa na grade curricular e no material did\u00e1tico de institui\u00e7\u00f5es de ensino p\u00fablicas ou privadas.<\/p>\n\n\n\n<p>A proposta, de autoria do deputado estadual Fausto J\u00fanior (MDB), determina ainda a n\u00e3o utiliza\u00e7\u00e3o da linguagem neutra em documentos oficiais das institui\u00e7\u00f5es de ensino, em editais de concursos p\u00fablicos, assim como em a\u00e7\u00f5es culturais, esportivas, sociais ou publicit\u00e1rias que recebam verba p\u00fablica de qualquer natureza.<\/p>\n\n\n\n<p>O Projeto de Lei Estadual n\u00ba 387\/2021 diz que a viola\u00e7\u00e3o do direito do estudante estabelecido no artigo 2\u00ba desta Lei, acarretar\u00e1 san\u00e7\u00f5es \u00e0s institui\u00e7\u00f5es de ensino privadas e aos&nbsp;<strong><a href=\"https:\/\/www.guiame.com.br\/gospel\/noticias\/prefeito-de-criciuma-exonera-professor-por-conteudo-erotizado-em-sala-de-aula.html\">profissionais de educa\u00e7\u00e3o<\/a><\/strong>&nbsp;que concorrerem em ministrar conte\u00fados adversos aos estudantes, prejudicando direta ou indiretamente seu aprendizado \u00e0 l\u00edngua portuguesa culta.<\/p>\n\n\n\n<p>O deputado, por\u00e9m, diz que sua proposta n\u00e3o pro\u00edbe o uso da linguagem neutra no Estado.<\/p>\n\n\n\n<p><strong>Justificativas<\/strong><\/p>\n\n\n\n<p>\u201cRespeitamos as pessoas que desejam se identificar sem a especifica\u00e7\u00e3o de g\u00eanero. O que meu projeto veta \u00e9 o ensino da linguagem neutra (n\u00e3o bin\u00e1ria) nas escolas p\u00fablicas e particulares do Amazonas. Acredito que devemos preservar a L\u00edngua Portuguesa em sua forma culta, como \u00e9 ensinada nos livros e na grade curricular. Temos que preservar a L\u00edngua Portuguesa, que \u00e9 riqu\u00edssima em nossa cultura e foi derivada do latim, uma das l\u00ednguas mais antigas do mundo\u201d, afirmou.<\/p>\n\n\n\n<p>Segundo o autor, os defensores dessa ideia se baseiam na premissa de que discursos direcionados a grupos de pessoas sejam alterados para que n\u00e3o se utilize mais o plural masculino. Sustentam que a L\u00edngua Portuguesa \u00e9 preconceituosa e machista e por isso deve haver uma mudan\u00e7a radical em sua norma culta. Por exemplo, palavras como \u201ctodos&#8221; ou &#8220;todas&#8221; devem ser substitu\u00eddas por &#8220;todes&#8221; ou &#8220;todx&#8221;. Pronomes como &#8220;dele&#8221; ou \u201cdela&#8221; s\u00e3o substitu\u00eddos por &#8220;dili&#8221; ou &#8220;delx&#8221;.&nbsp; Ou seja, buscam usar palavras neutras, impondo uma identifica\u00e7\u00e3o artificial de g\u00eanero neutro, onde h\u00e1 a substitui\u00e7\u00e3o de artigos, como \u201co\u201d por \u201cx\u201d, \u201c@\u201d ou outro s\u00edmbolo que supostamente afaste a marca\u00e7\u00e3o bin\u00e1ria de sexo masculino ou feminino, afastando a aplica\u00e7\u00e3o de ambos os g\u00eaneros.\u201d<\/p>\n\n\n\n<p>E continua: \u201cFato \u00e9, em verdade, uma tentativa for\u00e7ada de modifica\u00e7\u00e3o da L\u00edngua Portuguesa, capitaneada por alguns movimentos sociais, com a falaciosa bandeira de democratiza\u00e7\u00e3o da linguagem\u201d.<\/p>\n\n\n\n<p>No PL, Fausto J\u00fanior afirma que a L\u00edngua Portuguesa n\u00e3o \u00e9 preconceituosa e n\u00e3o deve ser usada pelo que chama de \u201cpequena milit\u00e2ncia ideol\u00f3gica\u201d.<\/p>\n","protected":false},"excerpt":{"rendered":"<p>Um projeto de lei que est\u00e1 tramitando na Assembleia Legislativa do Amazonas (Aleam) quer proibir a utiliza\u00e7\u00e3o da \u201clinguagem neutra\u201d, do \u201cdialeto n\u00e3o bin\u00e1rio\u201d ou de qualquer outra express\u00e3o que descaracterize o uso da norma culta da L\u00edngua Portuguesa na grade curricular e no material did\u00e1tico de institui\u00e7\u00f5es de ensino p\u00fablicas ou privadas. A proposta, [&hellip;]<\/p>\n","protected":false},"author":2,"featured_media":9291,"comment_status":"open","ping_status":"open","sticky":false,"template":"","format":"standard","meta":[],"categories":[4],"tags":[14],"_links":{"self":[{"href":"https:\/\/dgospel.com.br\/portal\/index.php\/wp-json\/wp\/v2\/posts\/9290"}],"collection":[{"href":"https:\/\/dgospel.com.br\/portal\/index.php\/wp-json\/wp\/v2\/posts"}],"about":[{"href":"https:\/\/dgospel.com.br\/portal\/index.php\/wp-json\/wp\/v2\/types\/post"}],"author":[{"embeddable":true,"href":"https:\/\/dgospel.com.br\/portal\/index.php\/wp-json\/wp\/v2\/users\/2"}],"replies":[{"embeddable":true,"href":"https:\/\/dgospel.com.br\/portal\/index.php\/wp-json\/wp\/v2\/comments?post=9290"}],"version-history":[{"count":1,"href":"https:\/\/dgospel.com.br\/portal\/index.php\/wp-json\/wp\/v2\/posts\/9290\/revisions"}],"predecessor-version":[{"id":9292,"href":"https:\/\/dgospel.com.br\/portal\/index.php\/wp-json\/wp\/v2\/posts\/9290\/revisions\/9292"}],"wp:featuredmedia":[{"embeddable":true,"href":"https:\/\/dgospel.com.br\/portal\/index.php\/wp-json\/wp\/v2\/media\/9291"}],"wp:attachment":[{"href":"https:\/\/dgospel.com.br\/portal\/index.php\/wp-json\/wp\/v2\/media?parent=9290"}],"wp:term":[{"taxonomy":"category","embeddable":true,"href":"https:\/\/dgospel.com.br\/portal\/index.php\/wp-json\/wp\/v2\/categories?post=9290"},{"taxonomy":"post_tag","embeddable":true,"href":"https:\/\/dgospel.com.br\/portal\/index.php\/wp-json\/wp\/v2\/tags?post=9290"}],"curies":[{"name":"wp","href":"https:\/\/api.w.org\/{rel}","templated":true}]}}