{"id":9296,"date":"2021-09-01T22:51:31","date_gmt":"2021-09-02T01:51:31","guid":{"rendered":"http:\/\/dgospel.com.br\/portal\/?p=9296"},"modified":"2021-09-01T22:51:32","modified_gmt":"2021-09-02T01:51:32","slug":"palmas-e-reconhecida-nacionalmente-como-a-cidade-mais-inteligente-da-regiao-norte","status":"publish","type":"post","link":"https:\/\/dgospel.com.br\/portal\/index.php\/2021\/09\/01\/palmas-e-reconhecida-nacionalmente-como-a-cidade-mais-inteligente-da-regiao-norte\/","title":{"rendered":"Palmas \u00e9 reconhecida nacionalmente como a cidade mais inteligente da regi\u00e3o Norte"},"content":{"rendered":"\n<p>Ranking Connected Smart Cities, plataforma de discuss\u00e3o e neg\u00f3cios sobre cidades inteligentes, concedeu a Palmas a primeira coloca\u00e7\u00e3o entre as cidades da regi\u00e3o Norte do Pa\u00eds. O evento de premia\u00e7\u00e3o aconteceu nesta quarta-feira, 01, no Centro de Conven\u00e7\u00f5es Frei Caneca, em S\u00e3o Paulo. No ranking geral, que avaliou 677 cidades brasileiras, sendo 48 com mais de 500 mil habitantes, 274 com 100 a 500 mil habitantes e 349 com 50 a 100 mil habitantes, Palmas ficou na 32\u00b0 coloca\u00e7\u00e3o.<\/p>\n\n\n\n<p>A prefeita Cinthia Ribeiro participou da cerim\u00f4nia e n\u00e3o escondeu o orgulho de ver a capital do Tocantins sendo premiada. \u201cSou uma admiradora do conceito de cidades inteligentes. Sonho com uma Palmas cada dia mais integrada, tecnol\u00f3gica e inteligente. Este pr\u00eamio comprova que estamos no caminho certo. Acredito que o segredo para alcan\u00e7ar melhores resultados \u00e9 colocarmos sempre o ser humano e suas rela\u00e7\u00f5es como prioridades. Para otimizar os resultados, investimos em tecnologia, com instrumentos de controle de dados, de planejamento e de intelig\u00eancia\u201d, considerou a gestora.<\/p>\n\n\n\n<p>Ap\u00f3s a premia\u00e7\u00e3o, Cinthia Ribeiro participou de uma mesa-redonda e apresentou as iniciativas que est\u00e3o sendo empreendidas em Palmas, al\u00e9m dos desafios para conseguir avan\u00e7ar com a pauta. \u201cAo longo desses \u00faltimos anos, preparamos a capital para concretizar esse projeto inovador de Smart City. Mas precis\u00e1vamos colocar as contas em dia, asfaltar a cidade, resgatar promessas de obras e criar a infraestrutura necess\u00e1ria de Norte a Sul da Capital. E, no meio disso tudo, veio uma pandemia. Pensamos em uma Palmas p\u00f3s- pandemia mais integrada, com maior aproveitamento de espa\u00e7os p\u00fablicos e \u00e1reas verdes, com uma pol\u00edtica s\u00e9ria, pensando, sempre, na mobilidade do amanh\u00e3.\u201d<\/p>\n\n\n\n<p>O evento segue at\u00e9 sexta, 03, de forma h\u00edbrida, e conta tamb\u00e9m com a participa\u00e7\u00e3o do secret\u00e1rio municipal extraordin\u00e1rio de Assuntos Estrat\u00e9gicos, Capta\u00e7\u00e3o de Recursos e Energias Renov\u00e1veis, Thiago Pereira Dourado.<\/p>\n\n\n\n<p><strong>Cidades inteligentes<\/strong><\/p>\n\n\n\n<p>O Ranking Connected Smart Cities \u00e9 um estudo desenvolvido pela Urban Systems para o evento hom\u00f4nimo, idealizado pela Necta e Urban Systems. O estudo \u00e9 desenvolvido desde 2015, criando uma plataforma de discuss\u00e3o e neg\u00f3cios sobre Cidades Inteligentes. S\u00e3o levados em considera\u00e7\u00e3o 70 indicadores em 11 eixos tem\u00e1ticos: mobilidade, urbanismo, meio ambiente, tecnologia e inova\u00e7\u00e3o, empreendedorismo, educa\u00e7\u00e3o, sa\u00fade, seguran\u00e7a, energia, governan\u00e7a e economia.<\/p>\n","protected":false},"excerpt":{"rendered":"<p>Ranking Connected Smart Cities, plataforma de discuss\u00e3o e neg\u00f3cios sobre cidades inteligentes, concedeu a Palmas a primeira coloca\u00e7\u00e3o entre as cidades da regi\u00e3o Norte do Pa\u00eds. O evento de premia\u00e7\u00e3o aconteceu nesta quarta-feira, 01, no Centro de Conven\u00e7\u00f5es Frei Caneca, em S\u00e3o Paulo. No ranking geral, que avaliou 677 cidades brasileiras, sendo 48 com mais [&hellip;]<\/p>\n","protected":false},"author":2,"featured_media":9297,"comment_status":"open","ping_status":"open","sticky":false,"template":"","format":"standard","meta":[],"categories":[3],"tags":[13],"_links":{"self":[{"href":"https:\/\/dgospel.com.br\/portal\/index.php\/wp-json\/wp\/v2\/posts\/9296"}],"collection":[{"href":"https:\/\/dgospel.com.br\/portal\/index.php\/wp-json\/wp\/v2\/posts"}],"about":[{"href":"https:\/\/dgospel.com.br\/portal\/index.php\/wp-json\/wp\/v2\/types\/post"}],"author":[{"embeddable":true,"href":"https:\/\/dgospel.com.br\/portal\/index.php\/wp-json\/wp\/v2\/users\/2"}],"replies":[{"embeddable":true,"href":"https:\/\/dgospel.com.br\/portal\/index.php\/wp-json\/wp\/v2\/comments?post=9296"}],"version-history":[{"count":1,"href":"https:\/\/dgospel.com.br\/portal\/index.php\/wp-json\/wp\/v2\/posts\/9296\/revisions"}],"predecessor-version":[{"id":9298,"href":"https:\/\/dgospel.com.br\/portal\/index.php\/wp-json\/wp\/v2\/posts\/9296\/revisions\/9298"}],"wp:featuredmedia":[{"embeddable":true,"href":"https:\/\/dgospel.com.br\/portal\/index.php\/wp-json\/wp\/v2\/media\/9297"}],"wp:attachment":[{"href":"https:\/\/dgospel.com.br\/portal\/index.php\/wp-json\/wp\/v2\/media?parent=9296"}],"wp:term":[{"taxonomy":"category","embeddable":true,"href":"https:\/\/dgospel.com.br\/portal\/index.php\/wp-json\/wp\/v2\/categories?post=9296"},{"taxonomy":"post_tag","embeddable":true,"href":"https:\/\/dgospel.com.br\/portal\/index.php\/wp-json\/wp\/v2\/tags?post=9296"}],"curies":[{"name":"wp","href":"https:\/\/api.w.org\/{rel}","templated":true}]}}