{"id":9299,"date":"2021-09-01T23:02:48","date_gmt":"2021-09-02T02:02:48","guid":{"rendered":"http:\/\/dgospel.com.br\/portal\/?p=9299"},"modified":"2021-09-01T23:02:49","modified_gmt":"2021-09-02T02:02:49","slug":"evangelicos-e-caminhoneiros-aumentam-chamada-para-o-dia-7","status":"publish","type":"post","link":"https:\/\/dgospel.com.br\/portal\/index.php\/2021\/09\/01\/evangelicos-e-caminhoneiros-aumentam-chamada-para-o-dia-7\/","title":{"rendered":"Evang\u00e9licos e caminhoneiros aumentam chamada para o dia 7"},"content":{"rendered":"\n<p> Na semana que antecede as manifesta\u00e7\u00f5es previstas para o 7 de Setembro, evang\u00e9licos e caminhoneiros intensificaram a convoca\u00e7\u00e3o para os atos favor\u00e1veis ao presidente Jair Bolsonaro. Um relat\u00f3rio da consultoria AP Exata mostra que esses grupos chegaram a 16,7% e 10,5% das men\u00e7\u00f5es relacionadas ao evento no Twitter, representando o maior patamar entre outras duas mobiliza\u00e7\u00f5es recentes do governo. <\/p>\n\n\n\n<p> Na semana passada, 15 dias antes da manifesta\u00e7\u00e3o, a participa\u00e7\u00e3o dos evang\u00e9licos era de 6,9%, e a dos caminhoneiros, de 7,8%. Os n\u00fameros mostram que a relev\u00e2ncia do debate em torno do n\u00facleo \u201ccrist\u00e3o conservador\u201d mais do que dobrou na rede de uma semana para outra. Esse movimento tamb\u00e9m foi observado na categoria dos motoristas, ainda que em menor grau. <\/p>\n\n\n\n<p>Ambos os porcentuais est\u00e3o acima daqueles registrados em outras duas manifesta\u00e7\u00f5es anteriores: a que defendeu a aprova\u00e7\u00e3o da \u201cPEC do voto impresso\u201d em 1\u00ba de agosto, e o protesto contra medidas de restri\u00e7\u00e3o contra a Covid-19, em 14 de mar\u00e7o. Nesses dois momentos, o porcentual m\u00e1ximo de men\u00e7\u00f5es aos caminhoneiros foi de 8%, e aos evang\u00e9licos, 5,9%, sete dias antes dos eventos<\/p>\n\n\n\n<p>O relat\u00f3rio sustenta que a mobiliza\u00e7\u00e3o dos caminhoneiros para o pr\u00f3ximo dia 7 teve um incremento a partir do epis\u00f3dio do cantor sertanejo S\u00e9rgio Reis.<\/p>\n\n\n\n<p>J\u00e1 o debate entre evang\u00e9licos cresceu a partir de um \u201cmovimento coordenado de pastores, que t\u00eam conclamado os fi\u00e9is a participarem dos protestos\u201d, aponta o levantamento. Um de seus expoentes, o pastor Silas Malafaia, est\u00e1 entre os escalados para discursar em carros de som na manifesta\u00e7\u00e3o pr\u00f3-Bolsonaro.<\/p>\n\n\n\n<p>O relat\u00f3rio incluiu 1,1 milh\u00e3o de postagens no Twitter, por meio de uma coleta automatizada entre 7 e 14 dias antes das tr\u00eas \u00faltimas manifesta\u00e7\u00f5es a favor do governo. A convoca\u00e7\u00e3o para os atos tamb\u00e9m ocorre em outras redes sociais, como Facebook e Instagram, e aplicativos de mensagem, como WhatsApp e Telegram.<\/p>\n\n\n\n<p><em>*AE<\/em><\/p>\n","protected":false},"excerpt":{"rendered":"<p>Na semana que antecede as manifesta\u00e7\u00f5es previstas para o 7 de Setembro, evang\u00e9licos e caminhoneiros intensificaram a convoca\u00e7\u00e3o para os atos favor\u00e1veis ao presidente Jair Bolsonaro. Um relat\u00f3rio da consultoria AP Exata mostra que esses grupos chegaram a 16,7% e 10,5% das men\u00e7\u00f5es relacionadas ao evento no Twitter, representando o maior patamar entre outras duas [&hellip;]<\/p>\n","protected":false},"author":2,"featured_media":9300,"comment_status":"open","ping_status":"open","sticky":false,"template":"","format":"standard","meta":[],"categories":[5,4],"tags":[],"_links":{"self":[{"href":"https:\/\/dgospel.com.br\/portal\/index.php\/wp-json\/wp\/v2\/posts\/9299"}],"collection":[{"href":"https:\/\/dgospel.com.br\/portal\/index.php\/wp-json\/wp\/v2\/posts"}],"about":[{"href":"https:\/\/dgospel.com.br\/portal\/index.php\/wp-json\/wp\/v2\/types\/post"}],"author":[{"embeddable":true,"href":"https:\/\/dgospel.com.br\/portal\/index.php\/wp-json\/wp\/v2\/users\/2"}],"replies":[{"embeddable":true,"href":"https:\/\/dgospel.com.br\/portal\/index.php\/wp-json\/wp\/v2\/comments?post=9299"}],"version-history":[{"count":1,"href":"https:\/\/dgospel.com.br\/portal\/index.php\/wp-json\/wp\/v2\/posts\/9299\/revisions"}],"predecessor-version":[{"id":9301,"href":"https:\/\/dgospel.com.br\/portal\/index.php\/wp-json\/wp\/v2\/posts\/9299\/revisions\/9301"}],"wp:featuredmedia":[{"embeddable":true,"href":"https:\/\/dgospel.com.br\/portal\/index.php\/wp-json\/wp\/v2\/media\/9300"}],"wp:attachment":[{"href":"https:\/\/dgospel.com.br\/portal\/index.php\/wp-json\/wp\/v2\/media?parent=9299"}],"wp:term":[{"taxonomy":"category","embeddable":true,"href":"https:\/\/dgospel.com.br\/portal\/index.php\/wp-json\/wp\/v2\/categories?post=9299"},{"taxonomy":"post_tag","embeddable":true,"href":"https:\/\/dgospel.com.br\/portal\/index.php\/wp-json\/wp\/v2\/tags?post=9299"}],"curies":[{"name":"wp","href":"https:\/\/api.w.org\/{rel}","templated":true}]}}